{"id":2204,"date":"2007-08-02T02:59:00","date_gmt":"2007-08-02T05:59:00","guid":{"rendered":"http:\/\/www.toque-musicall.com\/?p=2204"},"modified":"2020-12-23T09:37:56","modified_gmt":"2020-12-23T12:37:56","slug":"joao-carlos-e-ze-augusto-nem-a-nem-b-1981","status":"publish","type":"post","link":"https:\/\/www.toque-musicall.com\/?p=2204","title":{"rendered":"Jo\u00e3o Carlos E Z\u00e9 Augusto &#8211; Nem A Nem B (1981)"},"content":{"rendered":"<p>Mais um exemplar (e um exemplo) de um trabalho raro e esquecido. Talvez, se n\u00e3o fosse iniciativas como as dos blogs de m\u00fasica, ningu\u00e9m viria saber da exist\u00eancia deste disco. Jo\u00e3o Carlos e Z\u00e9 Augusto s\u00e3o dois compositores mineiros, num trabalho realizado em 1981 e contou com a produ\u00e7\u00e3o, arranjos e participa\u00e7\u00e3o de Nelson \u00c2ngelo. Ali\u00e1s, o \u00e1lbum traz ainda outros convidados e participantes ilustres como Danilo Caymmi, Titane, Juarez Moreira e Grupo Uakti.<\/p>\n<p><a href=\"http:\/\/3.bp.blogspot.com\/_DSKVEvHtskc\/RrFJ5P5fA8I\/AAAAAAAAABM\/8hzd7QLStbw\/s1600-h\/JC+ZA+-+nemanemb.JPG\"><img decoding=\"async\" id=\"BLOGGER_PHOTO_ID_5093933901401752514\" style=\"DISPLAY: block; MARGIN: 0px auto 10px; CURSOR: hand; TEXT-ALIGN: center\" alt=\"\" src=\"http:\/\/3.bp.blogspot.com\/_DSKVEvHtskc\/RrFJ5P5fA8I\/AAAAAAAAABM\/8hzd7QLStbw\/s400\/JC+ZA+-+nemanemb.JPG\" border=\"0\" \/><\/a><em> &#8220;Pois \u00e9, mais um trabalho musical. \u00c9 a partida de Jo\u00e3o e Jos\u00e9 e essa viagem n\u00e3o tem volta. A dire\u00e7\u00e3o \u00e9 aperfei\u00e7oar, caminhar, repetir, repetir pra ficar bonito. Foi m trabalho feito com muito carinho e dedica\u00e7\u00e3o de todos que dele participaram. Agora \u00e9 ouvir, porque m\u00fasica \u00e9 pra ouvir e n\u00e3o pra falar.&#8221;<\/em> Nelson Angelo<\/p>\n<div><\/div>\n<div><\/div>\n<div><\/div>\n","protected":false},"excerpt":{"rendered":"<p>Mais um exemplar (e um exemplo) de um trabalho raro e esquecido. Talvez, se n\u00e3o fosse iniciativas como as dos blogs de m\u00fasica, ningu\u00e9m viria saber da exist\u00eancia deste disco. Jo\u00e3o Carlos e Z\u00e9 Augusto s\u00e3o dois compositores mineiros, num &hellip; <a href=\"https:\/\/www.toque-musicall.com\/?p=2204\">Continue lendo <span class=\"meta-nav\">&rarr;<\/span><\/a><\/p>\n","protected":false},"author":1,"featured_media":0,"comment_status":"open","ping_status":"closed","sticky":false,"template":"","format":"standard","meta":{"footnotes":""},"categories":[1988],"tags":[4139,3017],"class_list":["post-2204","post","type-post","status-publish","format-standard","hentry","category-joao-carlos-e-ze-augusto","tag-joao-carlos-e-ze-augusto","tag-selo-independente"],"_links":{"self":[{"href":"https:\/\/www.toque-musicall.com\/index.php?rest_route=\/wp\/v2\/posts\/2204","targetHints":{"allow":["GET"]}}],"collection":[{"href":"https:\/\/www.toque-musicall.com\/index.php?rest_route=\/wp\/v2\/posts"}],"about":[{"href":"https:\/\/www.toque-musicall.com\/index.php?rest_route=\/wp\/v2\/types\/post"}],"author":[{"embeddable":true,"href":"https:\/\/www.toque-musicall.com\/index.php?rest_route=\/wp\/v2\/users\/1"}],"replies":[{"embeddable":true,"href":"https:\/\/www.toque-musicall.com\/index.php?rest_route=%2Fwp%2Fv2%2Fcomments&post=2204"}],"version-history":[{"count":1,"href":"https:\/\/www.toque-musicall.com\/index.php?rest_route=\/wp\/v2\/posts\/2204\/revisions"}],"predecessor-version":[{"id":8084,"href":"https:\/\/www.toque-musicall.com\/index.php?rest_route=\/wp\/v2\/posts\/2204\/revisions\/8084"}],"wp:attachment":[{"href":"https:\/\/www.toque-musicall.com\/index.php?rest_route=%2Fwp%2Fv2%2Fmedia&parent=2204"}],"wp:term":[{"taxonomy":"category","embeddable":true,"href":"https:\/\/www.toque-musicall.com\/index.php?rest_route=%2Fwp%2Fv2%2Fcategories&post=2204"},{"taxonomy":"post_tag","embeddable":true,"href":"https:\/\/www.toque-musicall.com\/index.php?rest_route=%2Fwp%2Fv2%2Ftags&post=2204"}],"curies":[{"name":"wp","href":"https:\/\/api.w.org\/{rel}","templated":true}]}}