{"id":2207,"date":"2007-08-01T02:15:00","date_gmt":"2007-08-01T05:15:00","guid":{"rendered":"http:\/\/www.toque-musicall.com\/?p=2207"},"modified":"2021-01-10T10:15:23","modified_gmt":"2021-01-10T13:15:23","slug":"erasmo-carlos-1967","status":"publish","type":"post","link":"https:\/\/www.toque-musicall.com\/?p=2207","title":{"rendered":"Erasmo Carlos (1967)"},"content":{"rendered":"<p><a href=\"http:\/\/2.bp.blogspot.com\/_DSKVEvHtskc\/Rq_2Jf5fA6I\/AAAAAAAAAA8\/FkVJSW2PKWQ\/s1600-h\/Erasmo+-+1967.jpg\"><img decoding=\"async\" id=\"BLOGGER_PHOTO_ID_5093560346621182882\" style=\"DISPLAY: block; MARGIN: 0px auto 10px; CURSOR: hand; TEXT-ALIGN: center\" alt=\"\" src=\"http:\/\/2.bp.blogspot.com\/_DSKVEvHtskc\/Rq_2Jf5fA6I\/AAAAAAAAAA8\/FkVJSW2PKWQ\/s400\/Erasmo+-+1967.jpg\" border=\"0\" \/><\/a> Aqui segue o quarto disco de Erasmo. Lan\u00e7ado em 1967, este foi a sequencia no mesmo ano do \u00e1lbum &#8220;O Tremend\u00e3o&#8221;. Tamb\u00e9m se trata de um trabalho memor\u00e1vel, embora ofuscado por sucessos anteriores. Vale a pena ouvir &#8220;Cara feia, pra mim \u00e9 feia&#8221;, &#8220;O caderninho&#8221;, &#8220;O ajudante do kaiser&#8221; e a vers\u00e3o de &#8220;Mellow Yellow&#8221; do Donovan, &#8220;O caramelo&#8221;.<\/p>\n<div><\/div>\n<div><\/div>\n","protected":false},"excerpt":{"rendered":"<p>Aqui segue o quarto disco de Erasmo. Lan\u00e7ado em 1967, este foi a sequencia no mesmo ano do \u00e1lbum &#8220;O Tremend\u00e3o&#8221;. Tamb\u00e9m se trata de um trabalho memor\u00e1vel, embora ofuscado por sucessos anteriores. Vale a pena ouvir &#8220;Cara feia, pra &hellip; <a href=\"https:\/\/www.toque-musicall.com\/?p=2207\">Continue lendo <span class=\"meta-nav\">&rarr;<\/span><\/a><\/p>\n","protected":false},"author":1,"featured_media":0,"comment_status":"open","ping_status":"closed","sticky":false,"template":"","format":"standard","meta":{"footnotes":""},"categories":[149],"tags":[3056,3091],"class_list":["post-2207","post","type-post","status-publish","format-standard","hentry","category-erasmo-carlos","tag-erasmo-carlos","tag-selo-rge"],"_links":{"self":[{"href":"https:\/\/www.toque-musicall.com\/index.php?rest_route=\/wp\/v2\/posts\/2207","targetHints":{"allow":["GET"]}}],"collection":[{"href":"https:\/\/www.toque-musicall.com\/index.php?rest_route=\/wp\/v2\/posts"}],"about":[{"href":"https:\/\/www.toque-musicall.com\/index.php?rest_route=\/wp\/v2\/types\/post"}],"author":[{"embeddable":true,"href":"https:\/\/www.toque-musicall.com\/index.php?rest_route=\/wp\/v2\/users\/1"}],"replies":[{"embeddable":true,"href":"https:\/\/www.toque-musicall.com\/index.php?rest_route=%2Fwp%2Fv2%2Fcomments&post=2207"}],"version-history":[{"count":1,"href":"https:\/\/www.toque-musicall.com\/index.php?rest_route=\/wp\/v2\/posts\/2207\/revisions"}],"predecessor-version":[{"id":8081,"href":"https:\/\/www.toque-musicall.com\/index.php?rest_route=\/wp\/v2\/posts\/2207\/revisions\/8081"}],"wp:attachment":[{"href":"https:\/\/www.toque-musicall.com\/index.php?rest_route=%2Fwp%2Fv2%2Fmedia&parent=2207"}],"wp:term":[{"taxonomy":"category","embeddable":true,"href":"https:\/\/www.toque-musicall.com\/index.php?rest_route=%2Fwp%2Fv2%2Fcategories&post=2207"},{"taxonomy":"post_tag","embeddable":true,"href":"https:\/\/www.toque-musicall.com\/index.php?rest_route=%2Fwp%2Fv2%2Ftags&post=2207"}],"curies":[{"name":"wp","href":"https:\/\/api.w.org\/{rel}","templated":true}]}}