{"id":221,"date":"2011-12-07T20:15:00","date_gmt":"2011-12-07T20:15:00","guid":{"rendered":"http:\/\/www.toque-musicall.com\/?p=221"},"modified":"2011-12-07T20:15:00","modified_gmt":"2011-12-07T20:15:00","slug":"radames-gnattali-suite-popular-brasileira-1986","status":"publish","type":"post","link":"https:\/\/www.toque-musicall.com\/?p=221","title":{"rendered":"Radam\u00e9s Gnattali &#8211; Su\u00edte Popular Brasileira (1986)"},"content":{"rendered":"<p><a href=\"http:\/\/4.bp.blogspot.com\/-22Zc0aM2X98\/Tt_OzM_KdmI\/AAAAAAAAArQ\/aMjkvPnxO7Q\/s1600\/radames+P.JPG\"><img decoding=\"async\" style=\"display:block; margin:0px auto 10px; text-align:center;cursor:pointer; cursor:hand;width: 399px; height: 400px;\" src=\"http:\/\/4.bp.blogspot.com\/-22Zc0aM2X98\/Tt_OzM_KdmI\/AAAAAAAAArQ\/aMjkvPnxO7Q\/s400\/radames+P.JPG\" border=\"0\" alt=\"\" id=\"BLOGGER_PHOTO_ID_5683488633819657826\" \/><\/a>Boa noite, amigos cultos e ocultos! Nessa onda de trazer de volta velhas bolachas, otimizando suas m\u00fasicas em novos \u00e1lbuns de colet\u00e2nea, com capinhas e coisa e tal, achei de postar hoje aut\u00eantico \u00e1lbum feito nessas condi\u00e7\u00f5es. Quer dizer, um \u00e1lbum montado a partir de antigas grava\u00e7\u00f5es. Este, no caso, uma produ\u00e7\u00e3o oficial, da pr\u00f3pria Continental.<\/p>\n<div>Temos aqui Radam\u00e9s Gnattali em um \u00e1lbum lan\u00e7ado pela gravadora, reunindo dois momentos deste grande m\u00fasico. No lado A encontramos grava\u00e7\u00f5es de Radam\u00e9s realizadas em 1956. Um trabalho pioneiro de grava\u00e7\u00e3o em &#8216;playback&#8217;. S\u00e3o fonogramas muito interessantes onde ele toca &#8216;ao lado&#8217; do violonista Laurindo de Almeida. Segundo o texto da contracapa as grava\u00e7\u00f5es foram feitas em duas etapas. Radam\u00e9s gravou aqui no Brasil a parte do piano e a fita foi enviada em seguida ao Laurindo, que nessa ocasi\u00e3o j\u00e1 morada nos &#8216;States&#8217;. Coube ao segundo montar sua participa\u00e7\u00e3o atrav\u00e9s do registro tocado em fita. Antes mesmo de ler o texto da contracapa eu j\u00e1 estava ouvindo o disco e a gente percebe claramente que os dois m\u00fasicos n\u00e3o est\u00e3o tocando no mesmo ambiente. Mesmo assim, o resultado \u00e9 excepcional. Vale cada uma das faixas.<\/div>\n<div><\/div>\n<div style=\"text-align: center;\">invoca\u00e7\u00e3o a xang\u00f4<\/div>\n<div style=\"text-align: center;\">toada<\/div>\n<div style=\"text-align: center;\">choro<\/div>\n<div style=\"text-align: center;\">samba can\u00e7\u00e3o<\/div>\n<div style=\"text-align: center;\">bai\u00e3o<\/div>\n<div style=\"text-align: center;\">marcha<\/div>\n<div style=\"text-align: center;\">papo de anjo<\/div>\n<div style=\"text-align: center;\">puxa puxa<\/div>\n<div style=\"text-align: center;\">bolacha queimada<\/div>\n<div style=\"text-align: center;\">p\u00e9 de moleque<\/div>\n<div style=\"text-align: center;\">amargura<\/div>\n<div style=\"text-align: center;\">vou andar por a\u00ed<\/div>\n<div style=\"text-align: center;\">cheio de mal\u00edcia<\/div>\n<div style=\"text-align: center;\">escrevendo pra voc\u00ea<\/div>\n<div style=\"text-align: center;\"><\/div>\n<div style=\"text-align: center;\"><\/div>\n","protected":false},"excerpt":{"rendered":"<p>Boa noite, amigos cultos e ocultos! Nessa onda de trazer de volta velhas bolachas, otimizando suas m\u00fasicas em novos \u00e1lbuns de colet\u00e2nea, com capinhas e coisa e tal, achei de postar hoje aut\u00eantico \u00e1lbum feito nessas condi\u00e7\u00f5es. Quer dizer, um &hellip; <a href=\"https:\/\/www.toque-musicall.com\/?p=221\">Continue lendo <span class=\"meta-nav\">&rarr;<\/span><\/a><\/p>\n","protected":false},"author":1,"featured_media":0,"comment_status":"open","ping_status":"closed","sticky":false,"template":"","format":"standard","meta":{"footnotes":""},"categories":[397,396,40],"tags":[],"class_list":["post-221","post","type-post","status-publish","format-standard","hentry","category-laurindo-almeida","category-radames-gnattali","category-selo-continental"],"_links":{"self":[{"href":"https:\/\/www.toque-musicall.com\/index.php?rest_route=\/wp\/v2\/posts\/221","targetHints":{"allow":["GET"]}}],"collection":[{"href":"https:\/\/www.toque-musicall.com\/index.php?rest_route=\/wp\/v2\/posts"}],"about":[{"href":"https:\/\/www.toque-musicall.com\/index.php?rest_route=\/wp\/v2\/types\/post"}],"author":[{"embeddable":true,"href":"https:\/\/www.toque-musicall.com\/index.php?rest_route=\/wp\/v2\/users\/1"}],"replies":[{"embeddable":true,"href":"https:\/\/www.toque-musicall.com\/index.php?rest_route=%2Fwp%2Fv2%2Fcomments&post=221"}],"version-history":[{"count":0,"href":"https:\/\/www.toque-musicall.com\/index.php?rest_route=\/wp\/v2\/posts\/221\/revisions"}],"wp:attachment":[{"href":"https:\/\/www.toque-musicall.com\/index.php?rest_route=%2Fwp%2Fv2%2Fmedia&parent=221"}],"wp:term":[{"taxonomy":"category","embeddable":true,"href":"https:\/\/www.toque-musicall.com\/index.php?rest_route=%2Fwp%2Fv2%2Fcategories&post=221"},{"taxonomy":"post_tag","embeddable":true,"href":"https:\/\/www.toque-musicall.com\/index.php?rest_route=%2Fwp%2Fv2%2Ftags&post=221"}],"curies":[{"name":"wp","href":"https:\/\/api.w.org\/{rel}","templated":true}]}}