{"id":2217,"date":"2012-07-16T22:20:42","date_gmt":"2012-07-16T22:20:42","guid":{"rendered":"http:\/\/www.toque-musicall.com\/?p=2217"},"modified":"2012-07-16T22:20:42","modified_gmt":"2012-07-16T22:20:42","slug":"silvio-caldas-selecao-grand-record-brazil-vol-27-2012","status":"publish","type":"post","link":"https:\/\/www.toque-musicall.com\/?p=2217","title":{"rendered":"S\u00edlvio Caldas &#8211; Sele\u00e7\u00e3o Grand Record Brazil &#8211; Vol. 27 (2012)"},"content":{"rendered":"<p><img loading=\"lazy\" decoding=\"async\" class=\"aligncenter\" src=\"http:\/\/3.bp.blogspot.com\/-ZBt57cbnrao\/UASRJco2w7I\/AAAAAAAADBE\/4A4rvfYTsK0\/s400\/CAPAp.JPG\" alt=\"\" width=\"400\" height=\"400\" \/><img loading=\"lazy\" decoding=\"async\" class=\"aligncenter\" src=\"http:\/\/3.bp.blogspot.com\/-MyMZ4RWuC5E\/UASQ_AEys3I\/AAAAAAAADA8\/_JXHs37ZMdA\/s400\/CONTRACAPAp.JPG\" alt=\"\" width=\"400\" height=\"400\" \/><\/p>\n<p>Este \u00e9 o segundo volume do meu, do seu, do nosso Grand Record Brazil, o vig\u00e9simo-s\u00e9timo\u00a0\u00a0no geral, dedicado a este grande nome da MPB que foi o carioca S\u00edlvio Narciso de Figueiredo Caldas. Al\u00e9m de cantar e contar interessantes hist\u00f3rias da MPB com um pique invej\u00e1vel, o \u201ctitio\u201d possu\u00eda esp\u00edrito aventureiro, gostava de ca\u00e7ar e pescar, e at\u00e9 se embrenhou nos sert\u00f5es para garimpar ouro, vejam s\u00f3! Era tamb\u00e9m um cozinheiro de m\u00e3o cheia (suas peixadas, por exemplo, eram bastante apreciadas), e obviamente foi propriet\u00e1rio de restaurantes e casas noturnas. S\u00edlvio Caldas era tamb\u00e9m um especialista em&#8230; despedidas. \u201cAposentou-se\u201d v\u00e1rias vezes oficialmente, mas quando menos se esperava&#8230; l\u00e1 estava ele de novo! Aposentadoria mesmo, s\u00f3 com a sua morte, em 1998.<\/p>\n<p>A\u00ed v\u00e3o, para deleite e aprecia\u00e7\u00e3o de tantos quantos apreciem nossa m\u00fasica popular no que ela tem de melhor e mais expressivo, mais doze preciosas grava\u00e7\u00f5es de S\u00edlvio. Em ordem cronol\u00f3gica de lan\u00e7amento, temos, para come\u00e7ar, o lado A do disco Victor 33911,\u00a0\u00a0gravado em 12 de outubro de 1934 e lan\u00e7ado em mar\u00e7o de 35: a famosa valsa \u201cSerenata\u201d, matriz 79729, de sua prof\u00edcua parceria com Orestes Barbosa, cuja introdu\u00e7\u00e3o, sem palavras, tornou-se prefixo pessoal de S\u00edlvio.\u00a0\u00a0Dois viol\u00f5es e um bandolim (o de Luperce Miranda) acompanham S\u00edlvio nessa grava\u00e7\u00e3o, sem d\u00favida uma das melhores e mais importantes de sua carreira. Logo depois, do Odeon 11255, gravado em 25 de junho de 1935 e lan\u00e7ado em setembro seguinte, apresentamos o lado A, matriz 5082: o samba \u201cInquieta\u00e7\u00e3o\u201d, uma das obras-primas do mestre Ary Barroso, que S\u00edlvio tamb\u00e9m interpretou no filme \u201cFavela dos meus amores\u201d, de Humberto Mauro. No acompanhamento, a Orquestra Odeon, do palestino Simon Bountman, que tamb\u00e9m teve os nomes Pan American, Copacabana, Parlophon (quando gravava nessa marca, coligada da Odeon)e Sim\u00e3o e sua Orquestra Columbia. Quer dizer, todas eram a mesm\u00edssima orquestra. Falando na Columbia, eis um\u00a0\u00a0important\u00edssimo disco de S\u00edlvio nessa marca, lan\u00e7ado em dezembro de 1938 com o n\u00famero 55002 e acompanhamento do regional do multi-instrumentista Garoto (An\u00edbal Augusto Sardinha, 1915-1955), trazendo duas joias de alt\u00edssimo quilate: no lado A, matriz 3716, a can\u00e7\u00e3o \u201cM\u00e1goas de um trovador\u201d, de J. Cascata e Manezinho Ara\u00fajo (o \u201crei da embolada\u201d, aqui mostrando seu lado sentimental). O verso, matriz 3715, traz mais uma conhecid\u00edssima p\u00e1gina da parceria de S\u00edlvio com Orestes Barbosa: a cl\u00e1ssica valsa \u201cSuburbana\u201d. Curiosamente, em 1943, quando a Columbia converteu-se na Continental, esse disco foi escolhido para inaugurar a n\u00f3vel marca, sendo relan\u00e7ado com o n\u00famero 15001, inclusive os primeiros cem t\u00edtulos da Continental foram relan\u00e7amentos da antiga Columbia. De volta \u00e0 Victor, temos depois o lado B do disco 34804, gravado em 4 de julho de 1941 e lan\u00e7ado em outubro seguinte, matriz S-052258, apresentando o fox-can\u00e7\u00e3o \u201cSempre voc\u00ea\u201d, de Crist\u00f3v\u00e3o de Alencar e Newton Teixeira. Em seguida, outro disco de S\u00edlvio na marca do cachorrinho Nipper, o de n\u00famero 80-0080, gravado em 2 de mar\u00e7o de 1943 e lan\u00e7ado em maio seguinte, com duas valsas-can\u00e7\u00f5es de Georges Moran, russo que se radicou entre n\u00f3s, e autor de outro hit de S\u00edlvio, \u201cK\u00e1tia\u201d, al\u00e9m de outros dois cl\u00e1ssicos imortalizados por Orlando Silva, \u201cBalalaika\u201d e \u201cZ\u00edngaro\u201d. Abrindo-o, matriz S-052732, \u201cN\u00e3o voltar\u00e1s nem voltarei\u201d, parceria de Moran com Walter Nogueira da Silva e, no verso, matriz S-052733, \u201cNinotchka\u201d, em que desta vez o parceiro \u00e9 Crist\u00f3v\u00e3o de Alencar, certamente inspirada no filme de mesmo nome, da MGM, de 1939, estrelado por Greta Garbo e Melvyn Douglas, sob a dire\u00e7\u00e3o de Ernst Lubistch. Completando nosso roteiro da semana, dois discos gravados por S\u00edlvio Caldas na Continental, em 1949, com acompanhamento da orquestra do maestro, compositor e flautista Nicolino C\u00f3pia, o Copinha. O primeiro deles \u00e9 o de n\u00famero 16034, lan\u00e7ado em mar\u00e7o-abril desse ano, com duas composi\u00e7\u00f5es do paulista (de Jacare\u00ed) Jos\u00e9 Maria de Abreu (1911-1966). No lado A, matriz 2030, o samba (estruturalmente um samba-can\u00e7\u00e3o) \u201cN\u00e3o me pergunte\u201d, parceria de Abreu com outro consagrado nome da MPB, Jair Amorim. No verso, matriz 2031, a toada \u201cVoc\u00ea de mim n\u00e3o tem d\u00f3\u201d, de Abreu sozinho. O outro \u00e9 o de n\u00famero 16086, abrindo com outra composi\u00e7\u00e3o de Jos\u00e9 Maria de Abreu, agora com a parceria de Alberto Ribeiro, a valsa \u201cChuva e vento\u201d, matriz 2121. Alberto tamb\u00e9m assina, em parceria com Osvaldo S\u00e1, a m\u00fasica do lado B, matriz 2120, o samba-can\u00e7\u00e3o \u201cTarde de maio\u201d. Enfim, \u00e9 tudo isso que apresentamos esta semana com S\u00edlvio Caldas, e eu, particularmente, espero que ele volte a ser focalizado pelo GRB, dada a extensa bagagem fonogr\u00e1fica que deixou registrada em cera. Ou\u00e7am esta sele\u00e7\u00e3o e ir\u00e3o concordar comigo: ela nos d\u00e1 aquele irresist\u00edvel gostinho de quero-mais!<\/p>\n<p>&nbsp;<\/p>\n<p>*\u00a0<span style=\"font-size: xx-small;\">Texto Samuel Machado Filho<\/span><\/p>\n","protected":false},"excerpt":{"rendered":"<p>Este \u00e9 o segundo volume do meu, do seu, do nosso Grand Record Brazil, o vig\u00e9simo-s\u00e9timo\u00a0\u00a0no geral, dedicado a este grande nome da MPB que foi o carioca S\u00edlvio Narciso de Figueiredo Caldas. Al\u00e9m de cantar e contar interessantes hist\u00f3rias &hellip; <a href=\"https:\/\/www.toque-musicall.com\/?p=2217\">Continue lendo <span class=\"meta-nav\">&rarr;<\/span><\/a><\/p>\n","protected":false},"author":1,"featured_media":0,"comment_status":"open","ping_status":"closed","sticky":false,"template":"","format":"standard","meta":{"footnotes":""},"categories":[13,12],"tags":[],"class_list":["post-2217","post","type-post","status-publish","format-standard","hentry","category-selo-grand-record-brazil","category-silvio-caldas"],"_links":{"self":[{"href":"https:\/\/www.toque-musicall.com\/index.php?rest_route=\/wp\/v2\/posts\/2217","targetHints":{"allow":["GET"]}}],"collection":[{"href":"https:\/\/www.toque-musicall.com\/index.php?rest_route=\/wp\/v2\/posts"}],"about":[{"href":"https:\/\/www.toque-musicall.com\/index.php?rest_route=\/wp\/v2\/types\/post"}],"author":[{"embeddable":true,"href":"https:\/\/www.toque-musicall.com\/index.php?rest_route=\/wp\/v2\/users\/1"}],"replies":[{"embeddable":true,"href":"https:\/\/www.toque-musicall.com\/index.php?rest_route=%2Fwp%2Fv2%2Fcomments&post=2217"}],"version-history":[{"count":1,"href":"https:\/\/www.toque-musicall.com\/index.php?rest_route=\/wp\/v2\/posts\/2217\/revisions"}],"predecessor-version":[{"id":2219,"href":"https:\/\/www.toque-musicall.com\/index.php?rest_route=\/wp\/v2\/posts\/2217\/revisions\/2219"}],"wp:attachment":[{"href":"https:\/\/www.toque-musicall.com\/index.php?rest_route=%2Fwp%2Fv2%2Fmedia&parent=2217"}],"wp:term":[{"taxonomy":"category","embeddable":true,"href":"https:\/\/www.toque-musicall.com\/index.php?rest_route=%2Fwp%2Fv2%2Fcategories&post=2217"},{"taxonomy":"post_tag","embeddable":true,"href":"https:\/\/www.toque-musicall.com\/index.php?rest_route=%2Fwp%2Fv2%2Ftags&post=2217"}],"curies":[{"name":"wp","href":"https:\/\/api.w.org\/{rel}","templated":true}]}}