{"id":2220,"date":"2012-07-17T11:28:00","date_gmt":"2012-07-17T11:28:00","guid":{"rendered":"http:\/\/www.toque-musicall.com\/?p=2220"},"modified":"2012-07-18T14:23:15","modified_gmt":"2012-07-18T14:23:15","slug":"dilermando-reis-melodias-da-alvorada-1960","status":"publish","type":"post","link":"https:\/\/www.toque-musicall.com\/?p=2220","title":{"rendered":"Dilermando Reis &#8211; Melodias Da Alvorada (1960)"},"content":{"rendered":"<p style=\"color: #000000; font-family: 'Times New Roman'; font-weight: normal; line-height: normal; font-size: medium; margin: 0px;\"><img loading=\"lazy\" decoding=\"async\" class=\"aligncenter\" src=\"http:\/\/3.bp.blogspot.com\/-Sdjlna1i_lc\/UAU-Qj_Y_hI\/AAAAAAAADBo\/hhxzuY8lHmg\/s400\/capap.JPG\" alt=\"\" width=\"400\" height=\"400\" \/><img loading=\"lazy\" decoding=\"async\" class=\"aligncenter\" src=\"http:\/\/4.bp.blogspot.com\/-dvGnzWlIC7o\/UAU-MBIP88I\/AAAAAAAADBg\/Q01DYDALpzE\/s400\/dilermando+Bp.JPG\" alt=\"\" width=\"400\" height=\"396\" \/><\/p>\n<p style=\"margin: 0cm; margin-bottom: .0001pt;\"><span style=\"font-family: Arial; color: #ffffff; border-width: 0cm; border-color: windowtext; border-style: none; padding: 0cm;\">Muito bom dia, amigos cultos, ocultos e associados! Finalmente, ap\u00f3s uma pausa de quase 30 dias, aqui estou eu de volta! Minha ideia era a de voltar s\u00f3 em agosto, mais exatamente no dia 30 de julho, quando ent\u00e3o o Toque Musical completa 5 anos de atividades. Por\u00e9m, devido \u00e0s circunst\u00e2ncias em que eu me encontro, com mais uns quinze dias de licen\u00e7a m\u00e9dica, achei por bem ocupar esse tempo me dedicando ao blog e sua nova vers\u00e3o. Como todos j\u00e1 sabem, estamos agora em um espa\u00e7o independente. N\u00e3o h\u00e1 mais perigo do blog sair do ar (ou da rede), somente se no fim do ano eu deixar de pagar a conta. Mas isso n\u00e3o vai acontecer, o TM vai vingar, nem que eu precise passar o chap\u00e9u e recolher algumas contribui\u00e7\u00f5es (hehehe\u2026) <\/span><\/p>\n<p style=\"margin: 0cm; margin-bottom: .0001pt;\"><span style=\"font-family: Arial; color: #ffffff; border-width: 0cm; border-color: windowtext; border-style: none; padding: 0cm;\">Estamos inaugurando o novo Toque Musical, mas vamos deixar as comemora\u00e7\u00f5es para o dia do anivers\u00e1rio. Quem tem em seu computador uma tela \u2018widescreen\u2019 poder\u00e1 visualizar plenamente a nova face do blog e ver\u00e1 tamb\u00e9m a cita\u00e7\u00e3o aos 5 anos. Contudo, o que mais importa \u00e9 que estamos de volta e eu garanto, vai ter muito coisa boa rolando<span class=\"apple-converted-space\">. <\/span>Para come\u00e7ar, e n\u00e3o por acaso, escolhi este disco do violonista Dilermando Reis, \u201cMelodias da Alvorada\u201d. Tem tudo a ver com a ocasi\u00e3o, a alvorada, o renascimento do Toque Musical<span class=\"apple-converted-space\">. <\/span>Este \u00e1lbum me foi presenteado pela frequentadora, amiga culta, Maria Ignez, a quem eu mais uma vez agrade\u00e7o o carinho.\u00a0<\/span><\/p>\n<p style=\"margin: 0cm; margin-bottom: .0001pt;\"><span style=\"font-family: Arial; color: #ffffff; border-width: 0cm; border-color: windowtext; border-style: none; padding: 0cm;\">Temos assim, Dilermando Reis interpretando dez bel\u00edssimas melodias dirigidas a uma nova era. Uma homenagem \u00e0 nova Capital Federal, a ent\u00e3o rec\u00e9m inaugurada cidade de Bras\u00edlia. E n\u00e3o poderia ser outro o artista, Dilermando era amigo \u00edntimo do Presidente Juscelino. Acompanhou JK em serenatas e foi deste at\u00e9 professor de viol\u00e3o. Neste \u00e1lbum, lan\u00e7ado pela Continental em 1960, teremos o prazer de ouvir temas escolhidos, literalmente a dedos, sendo em sua maioria composi\u00e7\u00f5es do pr\u00f3prio Dilermando. A este disco caberia um pouco mais de informa\u00e7\u00f5es e hist\u00f3ria, mas vou deixar essas por conta dos comentaristas, afinal uma boa (ou m\u00e1) postagem se faz de coment\u00e1rios, principalmente quando s\u00e3o complementares.<\/span><\/p>\n<p style=\"margin: 0cm; margin-bottom: .0001pt;\"><span style=\"font-family: Arial; color: #ffffff;\"><!--[if !supportEmptyParas]-->\u00a0<!--[endif]--><\/span><\/p>\n<p style=\"margin: 0cm; margin-bottom: .0001pt; text-align: center; mso-line-height-alt: 9.0pt; border-style: initial; border-color: initial; font-style: inherit; outline-width: 0px; outline-style: initial; outline-color: initial;\" align=\"center\"><span style=\"font-family: Arial; color: #ffffff;\">lembro-me ainda<\/span><\/p>\n<p style=\"margin: 0cm; margin-bottom: .0001pt; text-align: center; mso-line-height-alt: 9.0pt; border-style: initial; border-color: initial; font-style: inherit; outline-width: 0px; outline-style: initial; outline-color: initial;\" align=\"center\"><span style=\"font-family: Arial; color: #ffffff;\">despertar da montanha<\/span><\/p>\n<p style=\"margin: 0cm; margin-bottom: .0001pt; text-align: center; mso-line-height-alt: 9.0pt; border-style: initial; border-color: initial; font-style: inherit; outline-width: 0px; outline-style: initial; outline-color: initial;\" align=\"center\"><span style=\"font-family: Arial; color: #ffffff;\">can\u00e7\u00e3o para algu\u00e9m<\/span><\/p>\n<p style=\"margin: 0cm; margin-bottom: .0001pt; text-align: center; mso-line-height-alt: 9.0pt; border-style: initial; border-color: initial; font-style: inherit; outline-width: 0px; outline-style: initial; outline-color: initial;\" align=\"center\"><span style=\"font-family: Arial; color: #ffffff;\">sons de carrilh\u00f5es<\/span><\/p>\n<p style=\"margin: 0cm; margin-bottom: .0001pt; text-align: center; mso-line-height-alt: 9.0pt; border-style: initial; border-color: initial; font-style: inherit; outline-width: 0px; outline-style: initial; outline-color: initial;\" align=\"center\"><span style=\"font-family: Arial; color: #ffffff;\">sons de carrilh\u00f5es<\/span><\/p>\n<p style=\"margin: 0cm; margin-bottom: .0001pt; text-align: center; mso-line-height-alt: 9.0pt; border-style: initial; border-color: initial; font-style: inherit; outline-width: 0px; outline-style: initial; outline-color: initial;\" align=\"center\"><span style=\"font-family: Arial; color: #ffffff;\">oi\u00e1 de rosinha<\/span><\/p>\n<p style=\"margin: 0cm; margin-bottom: .0001pt; text-align: center; mso-line-height-alt: 9.0pt; border-style: initial; border-color: initial; font-style: inherit; outline-width: 0px; outline-style: initial; outline-color: initial;\" align=\"center\"><span style=\"font-family: Arial; color: #ffffff;\">abandono<\/span><\/p>\n<p style=\"margin: 0cm; margin-bottom: .0001pt; text-align: center; mso-line-height-alt: 9.0pt; border-style: initial; border-color: initial; font-style: inherit; outline-width: 0px; outline-style: initial; outline-color: initial;\" align=\"center\"><span style=\"font-family: Arial; color: #ffffff;\">quando os olhos falam<\/span><\/p>\n<p style=\"margin: 0cm; margin-bottom: .0001pt; text-align: center; mso-line-height-alt: 9.0pt; border-style: initial; border-color: initial; font-style: inherit; outline-width: 0px; outline-style: initial; outline-color: initial;\" align=\"center\"><span style=\"font-family: Arial; color: #ffffff;\">caxinguel\u00ea<\/span><\/p>\n<p style=\"margin: 0cm; margin-bottom: .0001pt; text-align: center; mso-line-height-alt: 9.0pt; border-style: initial; border-color: initial; font-style: inherit; outline-width: 0px; outline-style: initial; outline-color: initial;\" align=\"center\">exalta\u00e7\u00e3o \u00e0 bras\u00edlia<\/p>\n<p style=\"margin: 0cm; margin-bottom: .0001pt; text-align: center; mso-line-height-alt: 9.0pt; border-style: initial; border-color: initial; font-style: inherit; outline-width: 0px; outline-style: initial; outline-color: initial;\" align=\"center\">.<\/p>\n<p style=\"margin: 0cm; margin-bottom: .0001pt; text-align: center; mso-line-height-alt: 9.0pt; border-style: initial; border-color: initial; font-style: inherit; outline-width: 0px; outline-style: initial; outline-color: initial;\" align=\"center\">.<\/p>\n<p style=\"margin: 0cm; margin-bottom: .0001pt; text-align: center; mso-line-height-alt: 9.0pt; border-style: initial; border-color: initial; font-style: inherit; outline-width: 0px; outline-style: initial; outline-color: initial;\" align=\"center\">.<\/p>\n","protected":false},"excerpt":{"rendered":"<p>Muito bom dia, amigos cultos, ocultos e associados! Finalmente, ap\u00f3s uma pausa de quase 30 dias, aqui estou eu de volta! Minha ideia era a de voltar s\u00f3 em agosto, mais exatamente no dia 30 de julho, quando ent\u00e3o o &hellip; <a href=\"https:\/\/www.toque-musicall.com\/?p=2220\">Continue lendo <span class=\"meta-nav\">&rarr;<\/span><\/a><\/p>\n","protected":false},"author":1,"featured_media":0,"comment_status":"open","ping_status":"closed","sticky":false,"template":"","format":"standard","meta":{"footnotes":""},"categories":[75,40],"tags":[],"class_list":["post-2220","post","type-post","status-publish","format-standard","hentry","category-dilermando-reis","category-selo-continental"],"_links":{"self":[{"href":"https:\/\/www.toque-musicall.com\/index.php?rest_route=\/wp\/v2\/posts\/2220","targetHints":{"allow":["GET"]}}],"collection":[{"href":"https:\/\/www.toque-musicall.com\/index.php?rest_route=\/wp\/v2\/posts"}],"about":[{"href":"https:\/\/www.toque-musicall.com\/index.php?rest_route=\/wp\/v2\/types\/post"}],"author":[{"embeddable":true,"href":"https:\/\/www.toque-musicall.com\/index.php?rest_route=\/wp\/v2\/users\/1"}],"replies":[{"embeddable":true,"href":"https:\/\/www.toque-musicall.com\/index.php?rest_route=%2Fwp%2Fv2%2Fcomments&post=2220"}],"version-history":[{"count":13,"href":"https:\/\/www.toque-musicall.com\/index.php?rest_route=\/wp\/v2\/posts\/2220\/revisions"}],"predecessor-version":[{"id":2222,"href":"https:\/\/www.toque-musicall.com\/index.php?rest_route=\/wp\/v2\/posts\/2220\/revisions\/2222"}],"wp:attachment":[{"href":"https:\/\/www.toque-musicall.com\/index.php?rest_route=%2Fwp%2Fv2%2Fmedia&parent=2220"}],"wp:term":[{"taxonomy":"category","embeddable":true,"href":"https:\/\/www.toque-musicall.com\/index.php?rest_route=%2Fwp%2Fv2%2Fcategories&post=2220"},{"taxonomy":"post_tag","embeddable":true,"href":"https:\/\/www.toque-musicall.com\/index.php?rest_route=%2Fwp%2Fv2%2Ftags&post=2220"}],"curies":[{"name":"wp","href":"https:\/\/api.w.org\/{rel}","templated":true}]}}