{"id":223,"date":"2011-12-05T08:55:00","date_gmt":"2011-12-05T08:55:00","guid":{"rendered":"http:\/\/www.toque-musicall.com\/?p=223"},"modified":"2011-12-05T08:55:00","modified_gmt":"2011-12-05T08:55:00","slug":"joao-gilberto-e-antonio-carlos-jobim-selecao-de-78-rpm-do-toque-musical-2011","status":"publish","type":"post","link":"https:\/\/www.toque-musicall.com\/?p=223","title":{"rendered":"Jo\u00e3o Gilberto E Antonio Carlos Jobim &#8211; Sele\u00e7\u00e3o De 78 RPM Do Toque Musical (2011)"},"content":{"rendered":"<p><a href=\"http:\/\/2.bp.blogspot.com\/-4JzOtAS7DRA\/TtyI_HGPlsI\/AAAAAAAAAqs\/HkX9e7PGYW0\/s1600\/CAPA+P.JPG\"><img decoding=\"async\" style=\"display:block; margin:0px auto 10px; text-align:center;cursor:pointer; cursor:hand;width: 400px; height: 400px;\" src=\"http:\/\/2.bp.blogspot.com\/-4JzOtAS7DRA\/TtyI_HGPlsI\/AAAAAAAAAqs\/HkX9e7PGYW0\/s400\/CAPA+P.JPG\" border=\"0\" alt=\"\" id=\"BLOGGER_PHOTO_ID_5682567447653095106\" \/><\/a>Muito bom dia, amigos cultos e ocultos! Como todos j\u00e1 devem saber, conforme informei em postagens anteriores, nossa segunda feira ser\u00e1 exclusiva, com as postagens do &#8216;selo virtual&#8217; adotado pelo Toque Musical. Para abrilhantar ainda mais nossas postagens, eu convidei um grande comentarista musical, nosso amigo culto, Samuel Machado Filho. Caber\u00e1 a ele todas as resenhas referente \u00e0s postagens da segundona. E come\u00e7a agora \ud83d\ude09<\/p>\n<div><i>*O Gran Record Brazil nos apresenta doze preciosas grava\u00e7\u00f5es, todas com obras e\/ou arranjos deste g\u00eanio tijucano criado em Ipanema que foi Ant\u00f4nio Carlos Brasileiro de Almeida Jobim (Rio de Janeiro, 1927-Nova York, EUA, 1994) cuja obra ainda hoje \u00e9 reconhecida internacionalmente. Para come\u00e7ar, o 78 Odeon de n\u00famero 14662,com Jo\u00e3o Gilberto, lan\u00e7ado em abril de 1961. De um lado, o cl\u00e1ssico de Caymmi &#8220;Saudade da Bahia&#8221;, grava\u00e7\u00e3o de 10 de mar\u00e7o daquele ano, matriz 14663. O outro lado foi gravado um dia antes, 9 de mar\u00e7o, matriz 14662, e nele Jo\u00e3o revive &#8220;Bolinha de papel&#8221;, outro cl\u00e1ssico do samba, este de Geraldo Pereira, original de 1945 na voz dos Anjos do Inferno (voc\u00ea pode ouvir as duas grava\u00e7\u00f5es originais dessas obras na colet\u00e2nea &#8220;Os sambas que Jo\u00e3o Gilberto adora&#8221;, tamb\u00e9m no Toque Musical). O disco serviu de &#8220;aperitivo&#8221; para o terceiro e \u00faltimo LP que Jo\u00e3o Gilberto fez no Brasil, que no entanto, s\u00f3 terminou de ser gravado em setembro de 61, dada a ex trema mania de perfeccionismo do g\u00eanio baiano. Em seguida, recuaremos dez anos no tempo e conheceremos o primeiro disco de Jo\u00e3o: ele saiu em agosto de 1952 pela Copacabana com o n\u00famero 099, e tem dois sambas-can\u00e7\u00f5es bem ao gosto da \u00e9poca: &#8220;Meia-luz&#8221;, de Hianto de Almeida e Jo\u00e3o Luiz, e &#8220;Quando ela sai&#8221;, de Hianto de Almeida e Jo\u00e3o Luiz. Prestem aten\u00e7\u00e3o da interpreta\u00e7\u00e3o do futuro papa da bossa nova, muitos jamais ir\u00e3o notar que \u00e9 Jo\u00e3o Gilberto mesmo! Em seguida temos &#8220;Manh\u00e3 de carnaval&#8221;, inesquec\u00edvel cl\u00e1ssico de Luiz Bonf\u00e1 e Ant\u00f4nio Maria inclu\u00eddo no filme &#8220;Orfeu negro&#8221; (nos cinemas, &#8220;Orfeu do carnaval&#8221;), produ\u00e7\u00e3o \u00edtalo-francesa rodada em cores no Brasil e falada em portugu\u00eas, vencedora da Palma de Ouro em Cannes e do Oscar de filme estrangeiro. Jo\u00e3o Gilberto fez seu registro em 2 de julho de 1959, matriz 13623, com lan\u00e7amento logo em seguida com o n\u00famero 14495-A. A sexta faixa \u00e9 a deliciosa &#8220;O pato&#8221;, de Jayme Silva e Neusa Teixceira, grava\u00e7\u00e3o d e 4 de abril de 1960, matriz 14147, lan\u00e7ada em agosto seguinte com o n\u00famero 14653-A, que na verdade foi feita por Jo\u00e3o Gilberto para seu segundo LP, &#8220;O amor, o sorriso e a flor&#8221;. Na s\u00e9tima faixa, um aut\u00eantico &#8220;atrevimento&#8221; do mestre Jobim ao acompanhar Agostinho dos Santos ao piano em outra m\u00fasica de &#8220;Orfeu negro&#8221;, &#8220;A felicidade&#8221;, sua e do poetinha Vin\u00edcius de Moraes. A RGE chegou a p\u00f4r a grava\u00e7\u00e3o nas lojas, em julho de 1959, com o n\u00famero 10168-B, matriz RGO-1239, mas logo providenciou outro registro com Agostinho, com orquestra\u00e7\u00e3o de Enrico Simonetti, este o que ficou mais conhecido. Temos depois &#8220;Estrada do sol&#8221;, que completa a trilogia de composi\u00e7\u00f5es de Tom Jobim com Dolores Duran, iniciada com &#8220;Se \u00e9 por falta de adeus&#8221; e continuada com &#8220;Por causa de voc\u00ea&#8221;. Este rar\u00edssimo registro de Maria Helena Raposo (Mocambo 15211-A, matriz R-939) parece ter sido o primeiro (talvez em mar\u00e7o ou abril de 1958, n\u00e3o h\u00e1 indica\u00e7\u00e3o exata de m\u00eas), e foi inclu\u00eddo tamb\u00e9m no \u00fanico LP da cantora, &#8220;Encantamento&#8230; na voz de Maria Helena Raposo&#8221;. A grava\u00e7\u00e3o mais conhecida, a de Agostinho dos Santos, \u00e9 de 23 de maio do mesmo ano, na Polydor. &#8220;Frevo de Orfeu&#8221;, tamb\u00e9m do filme &#8220;Orfeu negro&#8221;, aparece em duas vers\u00f5es distintas, a primeira lan\u00e7ada pela RGE em novembro de 1960 com o nr. 10269-B, matriz RGO-1458, com a orquestra da gravadora (estranhamente n\u00e3o se ouve coro nenhum, apesar da indica\u00e7\u00e3o no selo!). A segunda \u00e9 a original, a cargo de orquestra e coro dirigidos pelo pr\u00f3prio Tom Jobim, registrada na Odeon em 2 de julho de 1959 com lan\u00e7amento a toque de caixa com o n\u00famero 14495-B, matriz 13624, e tamb\u00e9m em compacto duplo intitulado &#8220;Jo\u00e3o Gilberto canta m\u00fasicas de &#8220;Orfeu do Carnaval&#8221;, que tamb\u00e9m tem &#8220;Manh\u00e3 de carnaval&#8221;, aqui inclu\u00edda, al\u00e9m de outras duas n\u00e3o presentes aqui na voz de Jo\u00e3o, &#8220;A felicidade&#8221; e &#8220;O nosso amor&#8221;. Em seguida, uma bela demonstra\u00e7\u00e3o de como Jobim &#8220;pintava e bordava&#8221; em termos de orquestra\u00e7\u00e3o e reg\u00eancia: o samba-can\u00e7\u00e3o &#8220;H\u00e1 um deus&#8221;, de Lupic\u00ednio Rodrigues, interpretado por Dalva de Oliveira, o eterno &#8220;rouxinol do Brasil&#8221;. Registro imortalizado na Odeon em 6 de maio de 1957, mas que s\u00f3 saiu em outubro seguinte com o n\u00famero 14259-A, matriz 14737. Para encerrar, temos outro cl\u00e1ssico da parceria de Jobim com o poetinha Vin\u00edcius: &#8220;Se todos fossem iguais a voc\u00ea&#8221;, na interpreta\u00e7\u00e3o de nada mais nada menos que Vicente Celestino, &#8220;a voz orgulho do Brasil&#8221;, registrada na sua RCA Victor de sempre em 30 de janeiro de 1959 com lan\u00e7amento em abril seguinte sob n\u00famero 80-2050-A, matriz 13-K2PB-0581. Notem como Celestino est\u00e1 contido, interpretando a composi\u00e7\u00e3o de forma correta. A m\u00fasica \u00e9 do texto da pe\u00e7a &#8220;Orfeu da Concei\u00e7\u00e3o&#8221;, texto de Vin\u00edcius e m\u00fasica de Jobim, e saiu pela primeira vez em 1956, na voz de Roberto Paiva, em LP de dez polegadas da Odeon. Desde ent\u00e3o, tem sido uma das mais conhecidas e regravadas composi\u00e7\u00f5es do repert\u00f3rio jobiniano. Ou\u00e7a , colecione e deleite-se com estes rar\u00edssimos registros! <\/i><\/div>\n<div><i><br \/><\/i><\/div>\n<div style=\"text-align: center;\">saudades da bahia &#8211; jo\u00e3o gilberto<\/div>\n<div style=\"text-align: center;\">bolinha de papel &#8211; jo\u00e3o gilberto<\/div>\n<div style=\"text-align: center;\">meia luz &#8211; jo\u00e3o gilberto<\/div>\n<div style=\"text-align: center;\">quando ela sai &#8211; jo\u00e3o gilberto<\/div>\n<div style=\"text-align: center;\">o pato &#8211; jo\u00e3o gilberto**<\/div>\n<div style=\"text-align: center;\">a felicidade &#8211; agostinho dos santos e tom jobim<\/div>\n<div style=\"text-align: center;\">estrada do sol &#8211; maria helena raposo<\/div>\n<div style=\"text-align: center;\">frevo &#8211; c\u00f4ro e orquestra rge<\/div>\n<div style=\"text-align: center;\">frevo &#8211; tom jobim, orquestra e c\u00f4ro odeon<\/div>\n<div style=\"text-align: center;\">h\u00e1 um deus &#8211; dalva de oliveira e tom jobim<\/div>\n<div style=\"text-align: center;\">se todos fosse iguais a voc\u00ea &#8211; vicente celestino<\/div>\n<div><\/div>\n<div><span  style=\"font-size:78%;\">* TEXTO DE SAMUEL MACHADO FILHO<\/span><\/div>\n<div><span  style=\"font-size:78%;\">** \u00daNICA M\u00daSICA QUE N\u00c3O FOI EXTRA\u00cdDA DE UM DISCO DE 78 RPM (<a href=\"http:\/\/toque-musical.blogspot.com\/search\/label\/Jo%C3%A3o%20Gilberto%20Registros%20na%20casa%20de%20Chico%20Pereira\">JG- REGISTROS NA CASA DE CHICO PEREIRA<\/a>)<\/span><\/div>\n","protected":false},"excerpt":{"rendered":"<p>Muito bom dia, amigos cultos e ocultos! Como todos j\u00e1 devem saber, conforme informei em postagens anteriores, nossa segunda feira ser\u00e1 exclusiva, com as postagens do &#8216;selo virtual&#8217; adotado pelo Toque Musical. Para abrilhantar ainda mais nossas postagens, eu convidei &hellip; <a href=\"https:\/\/www.toque-musicall.com\/?p=223\">Continue lendo <span class=\"meta-nav\">&rarr;<\/span><\/a><\/p>\n","protected":false},"author":1,"featured_media":0,"comment_status":"open","ping_status":"closed","sticky":false,"template":"","format":"standard","meta":{"footnotes":""},"categories":[135,249,11,292,13],"tags":[],"class_list":["post-223","post","type-post","status-publish","format-standard","hentry","category-antonio-carlos-jobim","category-coletanea-toque-musical","category-exclusivos-do-toque-musical","category-joao-gilberto","category-selo-grand-record-brazil"],"_links":{"self":[{"href":"https:\/\/www.toque-musicall.com\/index.php?rest_route=\/wp\/v2\/posts\/223","targetHints":{"allow":["GET"]}}],"collection":[{"href":"https:\/\/www.toque-musicall.com\/index.php?rest_route=\/wp\/v2\/posts"}],"about":[{"href":"https:\/\/www.toque-musicall.com\/index.php?rest_route=\/wp\/v2\/types\/post"}],"author":[{"embeddable":true,"href":"https:\/\/www.toque-musicall.com\/index.php?rest_route=\/wp\/v2\/users\/1"}],"replies":[{"embeddable":true,"href":"https:\/\/www.toque-musicall.com\/index.php?rest_route=%2Fwp%2Fv2%2Fcomments&post=223"}],"version-history":[{"count":0,"href":"https:\/\/www.toque-musicall.com\/index.php?rest_route=\/wp\/v2\/posts\/223\/revisions"}],"wp:attachment":[{"href":"https:\/\/www.toque-musicall.com\/index.php?rest_route=%2Fwp%2Fv2%2Fmedia&parent=223"}],"wp:term":[{"taxonomy":"category","embeddable":true,"href":"https:\/\/www.toque-musicall.com\/index.php?rest_route=%2Fwp%2Fv2%2Fcategories&post=223"},{"taxonomy":"post_tag","embeddable":true,"href":"https:\/\/www.toque-musicall.com\/index.php?rest_route=%2Fwp%2Fv2%2Ftags&post=223"}],"curies":[{"name":"wp","href":"https:\/\/api.w.org\/{rel}","templated":true}]}}