{"id":225,"date":"2011-12-03T23:08:00","date_gmt":"2011-12-03T23:08:00","guid":{"rendered":"http:\/\/www.toque-musicall.com\/?p=225"},"modified":"2011-12-03T23:08:00","modified_gmt":"2011-12-03T23:08:00","slug":"fm-stereo-disco-2-e-3-1983","status":"publish","type":"post","link":"https:\/\/www.toque-musicall.com\/?p=225","title":{"rendered":"FM St\u00e9reo &#8211; Disco 2 e 3 (1983)"},"content":{"rendered":"<p><a href=\"http:\/\/3.bp.blogspot.com\/-qZJScRvQRxY\/Ttqu2d1BDJI\/AAAAAAAAAqU\/Zhfx7uCH21s\/s1600\/folder.jpg\"><img decoding=\"async\" style=\"display:block; margin:0px auto 10px; text-align:center;cursor:pointer; cursor:hand;width: 400px; height: 400px;\" src=\"http:\/\/3.bp.blogspot.com\/-qZJScRvQRxY\/Ttqu2d1BDJI\/AAAAAAAAAqU\/Zhfx7uCH21s\/s400\/folder.jpg\" border=\"0\" alt=\"\" id=\"BLOGGER_PHOTO_ID_5682046130624466066\" \/><\/a><a href=\"http:\/\/2.bp.blogspot.com\/-sTfku79uOP0\/TtquPjcjYCI\/AAAAAAAAAp8\/OX9bdhd0STw\/s1600\/folder.jpg\"><img decoding=\"async\" style=\"display:block; margin:0px auto 10px; text-align:center;cursor:pointer; cursor:hand;width: 400px; height: 400px;\" src=\"http:\/\/2.bp.blogspot.com\/-sTfku79uOP0\/TtquPjcjYCI\/AAAAAAAAAp8\/OX9bdhd0STw\/s400\/folder.jpg\" border=\"0\" alt=\"\" id=\"BLOGGER_PHOTO_ID_5682045462117572642\" \/><\/a>Boa noite, amigos cultos e ocultos! C\u00e1 estamos neste s\u00e1bado, retomando a sequ\u00eancia dos discos da s\u00e9rie &#8220;FM St\u00e9reo&#8221; do selo Fontana, da Polygram. Como na semana passada eu n\u00e3o postei o disco 2, segue ele agora aqui, juntamente como o terceiro. Uma sele\u00e7\u00e3o musical muito boa e bem conhecida de todos. Esta postagem veio mesmo a calhar&#8230; t\u00f4 numa pregui\u00e7a at\u00e9 de pensar (e ainda falta a rela\u00e7\u00e3o das m\u00fasicas e artistas&#8230; Meu rei, cansei&#8230;<\/p>\n<div><\/div>\n<div style=\"text-align: center;\">Disco 1:<\/div>\n<div style=\"text-align: center;\">pai e m\u00e3e &#8211; gilberto gil<\/div>\n<div style=\"text-align: center;\">marina, marina &#8211; maria bethania<\/div>\n<div style=\"text-align: center;\">lugar comum &#8211; jo\u00e3o donato<\/div>\n<div style=\"text-align: center;\">teletema &#8211; regininha<\/div>\n<div style=\"text-align: center;\">\u00faltima forma &#8211; mpb-4<\/div>\n<div style=\"text-align: center;\">carta ao tom 74 &#8211; toquinho e vinicius<\/div>\n<div style=\"text-align: center;\">olha maria &#8211; chico buarque<\/div>\n<div style=\"text-align: center;\">casa no campo &#8211; elis regina<\/div>\n<div style=\"text-align: center;\">how could i know &#8211; raul seixas<\/div>\n<div style=\"text-align: center;\">molambo &#8211; maysa<\/div>\n<div style=\"text-align: center;\">emy &#8211; ivan lins<\/div>\n<div style=\"text-align: center;\">meu mundo \u00e9 voc\u00ea &#8211; sylvia telles<\/div>\n<div style=\"text-align: center;\">mo\u00e7a flor &#8211; tamba trio~<\/div>\n<div style=\"text-align: center;\"><\/div>\n<div style=\"text-align: center;\">Disco 3:<\/div>\n<div style=\"text-align: center;\">atr\u00e1s da porta &#8211; elis regina<\/div>\n<div style=\"text-align: center;\">jos\u00e9 &#8211; rita lee<\/div>\n<div style=\"text-align: center;\">candeias &#8211; mpb-4<\/div>\n<div style=\"text-align: center;\">can\u00e7\u00e3o que morre no ar &#8211; gal costa<\/div>\n<div style=\"text-align: center;\">parque lage &#8211; egberto gismonti<\/div>\n<div style=\"text-align: center;\">o que quer dizer &#8211; miucha<\/div>\n<div style=\"text-align: center;\">janela verdes &#8211; jo\u00e3o ricardo<\/div>\n<div style=\"text-align: center;\">esse cara &#8211; maria bethania<\/div>\n<div style=\"text-align: center;\">qualquer coisa &#8211; caetano veloso<\/div>\n<div style=\"text-align: center;\">bonita &#8211; maysa<\/div>\n<div style=\"text-align: center;\">a hora do trem passar &#8211; raul seixas<\/div>\n<div style=\"text-align: center;\">eu e a brisa &#8211; m\u00e1rcia<\/div>\n<div style=\"text-align: center;\">choro de nada &#8211; toquinho e vin\u00edcius<\/div>\n<div style=\"text-align: center;\">soneto &#8211; nara le\u00e3o<\/div>\n<div style=\"text-align: center;\"><\/div>\n<div style=\"text-align: center;\"><\/div>\n","protected":false},"excerpt":{"rendered":"<p>Boa noite, amigos cultos e ocultos! C\u00e1 estamos neste s\u00e1bado, retomando a sequ\u00eancia dos discos da s\u00e9rie &#8220;FM St\u00e9reo&#8221; do selo Fontana, da Polygram. Como na semana passada eu n\u00e3o postei o disco 2, segue ele agora aqui, juntamente como &hellip; <a href=\"https:\/\/www.toque-musicall.com\/?p=225\">Continue lendo <span class=\"meta-nav\">&rarr;<\/span><\/a><\/p>\n","protected":false},"author":1,"featured_media":0,"comment_status":"open","ping_status":"closed","sticky":false,"template":"","format":"standard","meta":{"footnotes":""},"categories":[64,383,382],"tags":[],"class_list":["post-225","post","type-post","status-publish","format-standard","hentry","category-coletanea","category-fm-stereo","category-selo-fontana"],"_links":{"self":[{"href":"https:\/\/www.toque-musicall.com\/index.php?rest_route=\/wp\/v2\/posts\/225","targetHints":{"allow":["GET"]}}],"collection":[{"href":"https:\/\/www.toque-musicall.com\/index.php?rest_route=\/wp\/v2\/posts"}],"about":[{"href":"https:\/\/www.toque-musicall.com\/index.php?rest_route=\/wp\/v2\/types\/post"}],"author":[{"embeddable":true,"href":"https:\/\/www.toque-musicall.com\/index.php?rest_route=\/wp\/v2\/users\/1"}],"replies":[{"embeddable":true,"href":"https:\/\/www.toque-musicall.com\/index.php?rest_route=%2Fwp%2Fv2%2Fcomments&post=225"}],"version-history":[{"count":0,"href":"https:\/\/www.toque-musicall.com\/index.php?rest_route=\/wp\/v2\/posts\/225\/revisions"}],"wp:attachment":[{"href":"https:\/\/www.toque-musicall.com\/index.php?rest_route=%2Fwp%2Fv2%2Fmedia&parent=225"}],"wp:term":[{"taxonomy":"category","embeddable":true,"href":"https:\/\/www.toque-musicall.com\/index.php?rest_route=%2Fwp%2Fv2%2Fcategories&post=225"},{"taxonomy":"post_tag","embeddable":true,"href":"https:\/\/www.toque-musicall.com\/index.php?rest_route=%2Fwp%2Fv2%2Ftags&post=225"}],"curies":[{"name":"wp","href":"https:\/\/api.w.org\/{rel}","templated":true}]}}