{"id":2250,"date":"2012-07-22T02:27:35","date_gmt":"2012-07-22T02:27:35","guid":{"rendered":"http:\/\/www.toque-musicall.com\/?p=2250"},"modified":"2012-07-22T02:27:35","modified_gmt":"2012-07-22T02:27:35","slug":"trios-em-bossa-samba-e-jazz-uma-coletanea-toque-musical-2012","status":"publish","type":"post","link":"https:\/\/www.toque-musicall.com\/?p=2250","title":{"rendered":"Trios Em Bossa, Samba E Jazz &#8211; Uma Colet\u00e2nea Toque Musical (2012)"},"content":{"rendered":"<p><img loading=\"lazy\" decoding=\"async\" class=\"aligncenter\" src=\"http:\/\/4.bp.blogspot.com\/-T199sWGY1fg\/UAtZki-7n4I\/AAAAAAAADDE\/TAHK1Y1XuPo\/s400\/CAPA2P.JPG\" alt=\"\" width=\"400\" height=\"400\" \/><img loading=\"lazy\" decoding=\"async\" class=\"aligncenter\" src=\"http:\/\/3.bp.blogspot.com\/-IvnBMAA-Nhs\/UAtZfD8CVdI\/AAAAAAAADC8\/A4J_ac5FPBE\/s400\/CONTRACAPAP.JPG\" alt=\"\" width=\"400\" height=\"400\" \/><\/p>\n<p>Boa noite, amigos cultos, ocultos e associados! Estamos preparando para breve a nossa web r\u00e1dio, ou mais exatamente o nosso \u2018player\u2019, recheado de m\u00fasicas para acompanhar voc\u00eas como uma r\u00e1dio. Semanalmente estaremos aqui apresentando uma sele\u00e7\u00e3o de tudo o que rola nas postagem do Toque Musical. Eu tenho certeza de que vai agradar \ud83d\ude42<\/p>\n<p>E por falar em agradar, hoje eu estou trazendo para o nosso s\u00e1bado de colet\u00e2neas uma sele\u00e7\u00e3o de tirar o chap\u00e9u. Esta logo vai estar rolando tamb\u00e9m na nossa r\u00e1dio, aguardem!<\/p>\n<p>Criei para voc\u00eas uma colet\u00e2nea especial, dedicada aos diversos trios musicais de samba, bossa e jazz dos anos 60. Temos aqui 19 diferentes trios que eu fui reunindo ao longo da semana. Por certo que existem muitos outros e eu at\u00e9 gostaria de inclu\u00ed-los nesse time, mas se for o caso, ficam para um segundo volume. Com toda certeza vai agradar em cheio.<\/p>\n<p>A pressa nem sempre \u00e9 inimiga da perfei\u00e7\u00e3o. Prova disso foi essa capinha que eu produzi aqui rapidinho, inspirada na boa m\u00fasica e na arte gr\u00e1fica daquele momento. Ficou bonitinha, n\u00e3o \u00e9 mesmo?<\/p>\n<p>&nbsp;<\/p>\n<p align=\"center\">vamos embora uau \u2013 bossa jazz trio<\/p>\n<p align=\"center\">nan\u00e3 \u2013 sambalan\u00e7o trio<\/p>\n<p align=\"center\">farjuto \u2013 rio trio 65<\/p>\n<p align=\"center\">zimbo samba \u2013 zimbo trio<\/p>\n<p align=\"center\">samba novo \u2013 le trio camara<\/p>\n<p align=\"center\">canto de ossanha \u2013 manfredo fest trio<\/p>\n<p align=\"center\">samblues \u2013 som tr\u00eas<\/p>\n<p align=\"center\">sambete n. 4 \u2013 bossa tr\u00eas<\/p>\n<p align=\"center\">n\u00f3s e o mar \u2013 tamba trio<\/p>\n<p align=\"center\">seu chopin, desculpe \u2013 jongo trio<\/p>\n<p align=\"center\">cidade vazia \u2013 milton banana trio<\/p>\n<p align=\"center\">tema pro gaginho \u2013 salvador trio<\/p>\n<p align=\"center\">\u00e1gua de beber \u2013 trio 3d<\/p>\n<p align=\"center\">sambrasa \u2013 sambrasa trio<\/p>\n<p align=\"center\">aleluia \u2013 trio boliche<\/p>\n<p align=\"center\">estatuto da gafieira \u2013 trio plaza<\/p>\n<p align=\"center\">primavera \u2013 sansa trio<\/p>\n<p align=\"center\">o barquinho \u2013 trio harm\u00f4nico<\/p>\n<p style=\"text-align: center;\">azul contente \u2013 trio seleno<\/p>\n<p style=\"text-align: center;\">.<\/p>\n<p style=\"text-align: center;\">.<\/p>\n","protected":false},"excerpt":{"rendered":"<p>Boa noite, amigos cultos, ocultos e associados! Estamos preparando para breve a nossa web r\u00e1dio, ou mais exatamente o nosso \u2018player\u2019, recheado de m\u00fasicas para acompanhar voc\u00eas como uma r\u00e1dio. Semanalmente estaremos aqui apresentando uma sele\u00e7\u00e3o de tudo o que &hellip; <a href=\"https:\/\/www.toque-musicall.com\/?p=2250\">Continue lendo <span class=\"meta-nav\">&rarr;<\/span><\/a><\/p>\n","protected":false},"author":1,"featured_media":0,"comment_status":"open","ping_status":"closed","sticky":false,"template":"","format":"standard","meta":{"footnotes":""},"categories":[1993],"tags":[],"class_list":["post-2250","post","type-post","status-publish","format-standard","hentry","category-coletanea-trios-bossa-samba-e-jazz"],"_links":{"self":[{"href":"https:\/\/www.toque-musicall.com\/index.php?rest_route=\/wp\/v2\/posts\/2250","targetHints":{"allow":["GET"]}}],"collection":[{"href":"https:\/\/www.toque-musicall.com\/index.php?rest_route=\/wp\/v2\/posts"}],"about":[{"href":"https:\/\/www.toque-musicall.com\/index.php?rest_route=\/wp\/v2\/types\/post"}],"author":[{"embeddable":true,"href":"https:\/\/www.toque-musicall.com\/index.php?rest_route=\/wp\/v2\/users\/1"}],"replies":[{"embeddable":true,"href":"https:\/\/www.toque-musicall.com\/index.php?rest_route=%2Fwp%2Fv2%2Fcomments&post=2250"}],"version-history":[{"count":1,"href":"https:\/\/www.toque-musicall.com\/index.php?rest_route=\/wp\/v2\/posts\/2250\/revisions"}],"predecessor-version":[{"id":2251,"href":"https:\/\/www.toque-musicall.com\/index.php?rest_route=\/wp\/v2\/posts\/2250\/revisions\/2251"}],"wp:attachment":[{"href":"https:\/\/www.toque-musicall.com\/index.php?rest_route=%2Fwp%2Fv2%2Fmedia&parent=2250"}],"wp:term":[{"taxonomy":"category","embeddable":true,"href":"https:\/\/www.toque-musicall.com\/index.php?rest_route=%2Fwp%2Fv2%2Fcategories&post=2250"},{"taxonomy":"post_tag","embeddable":true,"href":"https:\/\/www.toque-musicall.com\/index.php?rest_route=%2Fwp%2Fv2%2Ftags&post=2250"}],"curies":[{"name":"wp","href":"https:\/\/api.w.org\/{rel}","templated":true}]}}