{"id":226,"date":"2011-12-02T21:46:00","date_gmt":"2011-12-02T21:46:00","guid":{"rendered":"http:\/\/www.toque-musicall.com\/?p=226"},"modified":"2011-12-02T21:46:00","modified_gmt":"2011-12-02T21:46:00","slug":"celio-balona-voo-noturno-1986","status":"publish","type":"post","link":"https:\/\/www.toque-musicall.com\/?p=226","title":{"rendered":"Celio Balona &#8211; V\u00f4o Noturno (1986)"},"content":{"rendered":"<p><a href=\"http:\/\/1.bp.blogspot.com\/-sYMAiazUI3U\/TtlHlsVTy1I\/AAAAAAAAApw\/9KjAt2MqI9Y\/s1600\/celio+P.JPG\"><img decoding=\"async\" style=\"display:block; margin:0px auto 10px; text-align:center;cursor:pointer; cursor:hand;width: 397px; height: 400px;\" src=\"http:\/\/1.bp.blogspot.com\/-sYMAiazUI3U\/TtlHlsVTy1I\/AAAAAAAAApw\/9KjAt2MqI9Y\/s400\/celio+P.JPG\" border=\"0\" alt=\"\" id=\"BLOGGER_PHOTO_ID_5681651117785860946\" \/><\/a>Boa noite, amigos cultos e ocultos! C\u00e1 estamos em mais uma sexta independente. Este \u00e9 um dia que permanece em nossa programa\u00e7\u00e3o. As sextas feiras estar\u00e3o sempre \u00e0 disposi\u00e7\u00e3o do artista\/disco independente. Aquele que estiver interessado em promover seu trabalho fonogr\u00e1fico (musical e po\u00e9tico) atrav\u00e9s do Toque Musical, basta fazer contato. Terei o maior prazer em ouvir e tendo l\u00e1 as suas qualidades (ou curiosidade), mais ainda em publicar no blog.<\/p>\n<div>Fiquei aguardando a autoriza\u00e7\u00e3o de um artista para postar hoje o seu disco, mas s\u00f3 depois me dei conta de que o disco n\u00e3o \u00e9 uma produ\u00e7\u00e3o totalmente independente. Da\u00ed achei melhor postar um outro&#8230; De imediato me veio a luz, vai ser um disco do C\u00e9lio Balona. Verifiquei no blog quais eu j\u00e1 havia postado e escolhei &#8220;V\u00f4o Noturno&#8221;, album lan\u00e7ado em 1986. Mas, pera\u00ed&#8230; n\u00e3o estou eu pensando em postar outro disco semi independente? Parece que sim, este \u00e1lbum traz o selo Bemol, foi gravado em seus est\u00fadios e pelo pr\u00f3prio Dirceu Cheib. Por\u00e9m, a Bemol j\u00e1 n\u00e3o \u00e9 mais um selo musical, ou melhor, nunca foi. \u00c9 acima de tudo um est\u00fadio de grava\u00e7\u00e3o. Uma gravadora que se presta \u00e0 todo tipo de trabalho, principalmente o musical. Este \u00e1lbum \u00e9 talvez ainda maisindependente, produzido, dirigido e arranjado e mixado pelo pr\u00f3prio artista. Isso \u00e9 muito legal, pois C\u00e9lio, assim teve total liberdade para fazer o seu disco. Por sinal, um bel\u00edssimo trabalho. N\u00e3o sei porque eu ainda n\u00e3o o havia postado. Temos aqui um trabalho mais moderno, onde Balona se transforma e se inventa entre teclados. Digo moderno no sentido de inova\u00e7\u00e3o em rela\u00e7\u00e3o a outros trabalhos. Pessoalmente, entre os que tenho e conhe\u00e7o, &#8220;<a href=\"http:\/\/toque-musical.blogspot.com\/2009\/07\/celio-balona-imagens-1983.html\">Imagens<\/a>&#8220;, disco de 83, \u00e9 o meu preferido. &#8220;V\u00f4o Noturno, por\u00e9m, n\u00e3o fica para tr\u00e1s, um disco instrumental de primeira grandeza, gostoso de ouvir e com um toque bem mineiro, uai! Balona vem acompanhado por MariltonBorges, no piano e teclados; Jairo Lara, no saxofone; Gilberto Diniz, no baixo e Edson de Paulo na batera. Por a\u00ed j\u00e1 deu para sentir, n\u00e3o \u00e9 mesmo? (olha a\u00ed, C\u00e9lio! mais um no Toque Musical)<\/div>\n<div><\/div>\n<div style=\"text-align: center; \">nissei<\/div>\n<div style=\"text-align: center; \">dama da noite<\/div>\n<div style=\"text-align: center; \">ginga<\/div>\n<div style=\"text-align: center; \">noturno<\/div>\n<div style=\"text-align: center; \">trem do norte<\/div>\n<div style=\"text-align: center; \">tudo de mim<\/div>\n<div style=\"text-align: center; \">zig zag<\/div>\n<div style=\"text-align: center; \">m\u00edstica<\/div>\n<div style=\"text-align: center;\"><\/div>\n<div style=\"text-align: center;\"><\/div>\n","protected":false},"excerpt":{"rendered":"<p>Boa noite, amigos cultos e ocultos! C\u00e1 estamos em mais uma sexta independente. Este \u00e9 um dia que permanece em nossa programa\u00e7\u00e3o. As sextas feiras estar\u00e3o sempre \u00e0 disposi\u00e7\u00e3o do artista\/disco independente. Aquele que estiver interessado em promover seu trabalho &hellip; <a href=\"https:\/\/www.toque-musicall.com\/?p=226\">Continue lendo <span class=\"meta-nav\">&rarr;<\/span><\/a><\/p>\n","protected":false},"author":1,"featured_media":0,"comment_status":"open","ping_status":"closed","sticky":false,"template":"","format":"standard","meta":{"footnotes":""},"categories":[402,257],"tags":[],"class_list":["post-226","post","type-post","status-publish","format-standard","hentry","category-celio-balona","category-selo-bemol"],"_links":{"self":[{"href":"https:\/\/www.toque-musicall.com\/index.php?rest_route=\/wp\/v2\/posts\/226","targetHints":{"allow":["GET"]}}],"collection":[{"href":"https:\/\/www.toque-musicall.com\/index.php?rest_route=\/wp\/v2\/posts"}],"about":[{"href":"https:\/\/www.toque-musicall.com\/index.php?rest_route=\/wp\/v2\/types\/post"}],"author":[{"embeddable":true,"href":"https:\/\/www.toque-musicall.com\/index.php?rest_route=\/wp\/v2\/users\/1"}],"replies":[{"embeddable":true,"href":"https:\/\/www.toque-musicall.com\/index.php?rest_route=%2Fwp%2Fv2%2Fcomments&post=226"}],"version-history":[{"count":0,"href":"https:\/\/www.toque-musicall.com\/index.php?rest_route=\/wp\/v2\/posts\/226\/revisions"}],"wp:attachment":[{"href":"https:\/\/www.toque-musicall.com\/index.php?rest_route=%2Fwp%2Fv2%2Fmedia&parent=226"}],"wp:term":[{"taxonomy":"category","embeddable":true,"href":"https:\/\/www.toque-musicall.com\/index.php?rest_route=%2Fwp%2Fv2%2Fcategories&post=226"},{"taxonomy":"post_tag","embeddable":true,"href":"https:\/\/www.toque-musicall.com\/index.php?rest_route=%2Fwp%2Fv2%2Ftags&post=226"}],"curies":[{"name":"wp","href":"https:\/\/api.w.org\/{rel}","templated":true}]}}