{"id":227,"date":"2011-12-01T09:01:00","date_gmt":"2011-12-01T09:01:00","guid":{"rendered":"http:\/\/www.toque-musicall.com\/?p=227"},"modified":"2020-09-08T18:53:18","modified_gmt":"2020-09-08T21:53:18","slug":"carlos-walker-frauta-de-pa-1975","status":"publish","type":"post","link":"https:\/\/www.toque-musicall.com\/?p=227","title":{"rendered":"Carlos Walker &#8211; Frauta De P\u00e3 (1975)"},"content":{"rendered":"<p><a href=\"http:\/\/4.bp.blogspot.com\/-ouevXDWS9C4\/TtdDBLRyBPI\/AAAAAAAAApk\/C92JzFLcW6g\/s1600\/carlso+p.JPG\"><img decoding=\"async\" id=\"BLOGGER_PHOTO_ID_5681083142437471474\" style=\"display: block; margin: 0px auto 10px; text-align: center; cursor: hand; width: 400px; height: 398px;\" src=\"http:\/\/4.bp.blogspot.com\/-ouevXDWS9C4\/TtdDBLRyBPI\/AAAAAAAAApk\/C92JzFLcW6g\/s400\/carlso+p.JPG\" alt=\"\" border=\"0\" \/><\/a>Bom dia, amigos cultos e ocultos! Entramos em dezembro, a reta final para o fim de ano. Eu, de c\u00e1, j\u00e1 comecei a preparar a casa, digo, o blog para come\u00e7armos 2012 com mais vitalidade, uns retoques aqui, outros ali&#8230; novos projetos, ideias e parcerias. Continuamos bombando, sempre! Como voc\u00eas devem ter percebido, as mudan\u00e7as j\u00e1 come\u00e7aram. Ali\u00e1s, essas mudan\u00e7as come\u00e7aram desde de aquele fat\u00eddico dia de setembro, em que o Toque Musical foi tirado da rede. Posso dizer que a partir de ent\u00e3o come\u00e7amos um novo blog. No cabe\u00e7alho tradicional de fim de ano eu tamb\u00e9m inovei, inclu\u00ed nossa nova meta, o &#8220;Grand Record Brazil&#8221;, o selo virtual do TM, que contar\u00e1 em suas postagens semanais com um verdadeiro conhecedor da hist\u00f3ria fonogr\u00e1fica e musical brasileira, nosso j\u00e1 conhecido comentarista, o Samuca. 2012 promete!<\/p>\n<p>Para hoje, vamos com um disco muito bacana, &#8220;Frauta de P\u00e3&#8221;, do m\u00fasico, escritor (e astr\u00f3logo) Carlos Walker. Ele come\u00e7ou a cantar no final dos anos 60, atrav\u00e9s de festivais. Em 1974 teve sua m\u00fasica, &#8220;Alfazema&#8221;, inclu\u00edda em uma novela da Rede Globo. A m\u00fasica fez um relativo sucesso e contava com arranjos de Waltel Branco. Essa m\u00fasica abriu a chance de Walker gravar pela RCA Victor o primeiro lp, este, chamado &#8220;Frauta de P\u00e3&#8221;. Neste \u00e1lbum ele conta com um elenco de primeir\u00edssima: Jo\u00e3o Bosco, H\u00e9lio Delmiro, Piry Reis, Gilson Peranzetta, Z\u00e9 Roberto Bertrami e outros&#8230; H\u00e1 tamb\u00e9m os arranjadores, Radam\u00e9s Gnatalli, Alberto Arantes e La\u00e9rcio de Freitas. Com um time desses, dif\u00edcil algu\u00e9m dizer que o disco \u00e9 ruim, muito pelo contr\u00e1rio.<\/p>\n<div>Nesta postagem e num pacote s\u00f3 est\u00e3o inclu\u00eddos o lp e o compacto, assim voc\u00eas poder\u00e3o comparar as duas vers\u00f5es da bela &#8220;Alfazema&#8221;. Confiram o toque \ud83d\ude09<\/div>\n<div><\/div>\n<div><\/div>\n<div style=\"text-align: center;\">a frauta de p\u00e3<\/div>\n<div style=\"text-align: center;\">serenata do meio dia<\/div>\n<div style=\"text-align: center;\">estrada da intemperan\u00e7a<\/div>\n<div style=\"text-align: center;\">pote de mel<\/div>\n<div style=\"text-align: center;\">via l\u00e1ctea<\/div>\n<div style=\"text-align: center;\">cidade americana<\/div>\n<div style=\"text-align: center;\">o cavaleiro e os moinhos<\/div>\n<div style=\"text-align: center;\">modinha<\/div>\n<div style=\"text-align: center;\">debaixo do sol<\/div>\n<div style=\"text-align: center;\">um dia<\/div>\n<div style=\"text-align: center;\">alfazema<\/div>\n<div style=\"text-align: center;\"><\/div>\n<div style=\"text-align: center;\">Bonus compacto:<\/div>\n<div style=\"text-align: center;\">alfazema<\/div>\n<div style=\"text-align: center;\">dizem<\/div>\n<div style=\"text-align: center;\"><\/div>\n<div style=\"text-align: center;\"><\/div>\n","protected":false},"excerpt":{"rendered":"<p>Bom dia, amigos cultos e ocultos! Entramos em dezembro, a reta final para o fim de ano. Eu, de c\u00e1, j\u00e1 comecei a preparar a casa, digo, o blog para come\u00e7armos 2012 com mais vitalidade, uns retoques aqui, outros ali&#8230; &hellip; <a href=\"https:\/\/www.toque-musicall.com\/?p=227\">Continue lendo <span class=\"meta-nav\">&rarr;<\/span><\/a><\/p>\n","protected":false},"author":1,"featured_media":0,"comment_status":"open","ping_status":"closed","sticky":false,"template":"","format":"standard","meta":{"footnotes":""},"categories":[403,70],"tags":[3876,3040],"class_list":["post-227","post","type-post","status-publish","format-standard","hentry","category-carlos-walker","category-selo-rca-victor","tag-carlos-walker","tag-selo-rca"],"_links":{"self":[{"href":"https:\/\/www.toque-musicall.com\/index.php?rest_route=\/wp\/v2\/posts\/227","targetHints":{"allow":["GET"]}}],"collection":[{"href":"https:\/\/www.toque-musicall.com\/index.php?rest_route=\/wp\/v2\/posts"}],"about":[{"href":"https:\/\/www.toque-musicall.com\/index.php?rest_route=\/wp\/v2\/types\/post"}],"author":[{"embeddable":true,"href":"https:\/\/www.toque-musicall.com\/index.php?rest_route=\/wp\/v2\/users\/1"}],"replies":[{"embeddable":true,"href":"https:\/\/www.toque-musicall.com\/index.php?rest_route=%2Fwp%2Fv2%2Fcomments&post=227"}],"version-history":[{"count":1,"href":"https:\/\/www.toque-musicall.com\/index.php?rest_route=\/wp\/v2\/posts\/227\/revisions"}],"predecessor-version":[{"id":7785,"href":"https:\/\/www.toque-musicall.com\/index.php?rest_route=\/wp\/v2\/posts\/227\/revisions\/7785"}],"wp:attachment":[{"href":"https:\/\/www.toque-musicall.com\/index.php?rest_route=%2Fwp%2Fv2%2Fmedia&parent=227"}],"wp:term":[{"taxonomy":"category","embeddable":true,"href":"https:\/\/www.toque-musicall.com\/index.php?rest_route=%2Fwp%2Fv2%2Fcategories&post=227"},{"taxonomy":"post_tag","embeddable":true,"href":"https:\/\/www.toque-musicall.com\/index.php?rest_route=%2Fwp%2Fv2%2Ftags&post=227"}],"curies":[{"name":"wp","href":"https:\/\/api.w.org\/{rel}","templated":true}]}}