{"id":228,"date":"2011-11-30T11:33:00","date_gmt":"2011-11-30T11:33:00","guid":{"rendered":"http:\/\/www.toque-musicall.com\/?p=228"},"modified":"2011-11-30T11:33:00","modified_gmt":"2011-11-30T11:33:00","slug":"levanta-poeira-1977","status":"publish","type":"post","link":"https:\/\/www.toque-musicall.com\/?p=228","title":{"rendered":"Levanta Poeira (1977)"},"content":{"rendered":"<p><a href=\"http:\/\/4.bp.blogspot.com\/-VJquOgYxeCA\/TtYYs0nYvoI\/AAAAAAAAAoo\/cCKM-ciLYEg\/s1600\/capa+P.JPG\"><img decoding=\"async\" style=\"display:block; margin:0px auto 10px; text-align:center;cursor:pointer; cursor:hand;width: 400px; height: 398px;\" src=\"http:\/\/4.bp.blogspot.com\/-VJquOgYxeCA\/TtYYs0nYvoI\/AAAAAAAAAoo\/cCKM-ciLYEg\/s400\/capa+P.JPG\" border=\"0\" alt=\"\" id=\"BLOGGER_PHOTO_ID_5680755138291613314\" \/><\/a>Ol\u00e1, amigos cultos e ocultos! Aproveitando os meus 15 minutos de fama, quero dizer, de fome (hora do lanche), vou logo fazendo aqui a minha postagem, pois al\u00e9m do tempo curto, tem tamb\u00e9m a energia el\u00e9trica, que ser\u00e1 interrompida daqui a pouco. Vamos correr&#8230;<\/p>\n<div>Tenho aqui este disco cujo o t\u00edtulo nos remete a ideia de ser uma colet\u00e2nea de forr\u00f3s. Foi o que eu pensei ao bater o olho nele. Mas, ap\u00f3s verificar a contracapa, descobri que se tratava da trilha de um programa especial, produzido pela Rede Globo. Segundo o texto da contracapa, foi uma ideia do Boni, ele queria um musical bem brasileiro, mas que n\u00e3o tivesse nenhum apelo ou conota\u00e7\u00e3o al\u00e9m de uma simples reflex\u00e3o sobre a m\u00fasica e o compositor brasileiro. Eu n\u00e3o me lembro desse especial da TV Globo, deve ter sido muito bom, afinal foi um momento gravado ao vivo (na Quadra da Mangueira). Uma verdadeira antologia do samba, cheio de grandes nomes. Um encontro memor\u00e1vel&#8230; e pensar que em 1977 muita gente nessa turma ainda estava viva&#8230;<\/div>\n<div>Putz, olha a Cemig chegando a\u00ed&#8230; Deixa eu parar por aqui antes que a postagem tamb\u00e9m fique interrompida. V\u00e3o conferindo a\u00ed&#8230;<\/div>\n<div><\/div>\n<div style=\"text-align: center;\">pr\u00e9 abertura &#8211; mario lago<\/div>\n<div style=\"text-align: center;\">levanta poeira &#8211; marlui miranda<\/div>\n<div style=\"text-align: center;\">pot-pourri de choros:<\/div>\n<div style=\"text-align: center;\"><i>canarinho teimoso &#8211; altamiro carrilho<\/i><\/div>\n<div style=\"text-align: center;\"><i>na gl\u00f3ria &#8211; raul de barros<\/i><\/div>\n<div style=\"text-align: center;\"><i>pedacinho do c\u00e9u &#8211; waldir azevedo<\/i><\/div>\n<div style=\"text-align: center;\"><i>saxofone, porque choras? &#8211; abel ferreira<\/i><\/div>\n<div style=\"text-align: center;\">ecos &#8211; joel nascimento<\/div>\n<div style=\"text-align: center;\">promessa ao gantois &#8211; os tinco\u00e3s<\/div>\n<div style=\"text-align: center;\">a noite do meu bem &#8211; marisa gata mansa<\/div>\n<div style=\"text-align: center;\">suas m\u00e3os &#8211; tito madi<\/div>\n<div style=\"text-align: center;\">demais &#8211; elizeth cardoso<\/div>\n<div style=\"text-align: center;\">antologia do samba:<\/div>\n<div style=\"text-align: center;\"><i>a flor e o espinho &#8211; nelson cavaquinho<\/i><\/div>\n<div style=\"text-align: center;\"><i>as rosas n\u00e3o falam &#8211; cartola<\/i><\/div>\n<div style=\"text-align: center;\"><i>ave maria no morro -herivelto martins<\/i><\/div>\n<div style=\"text-align: center;\"><i>se voc\u00ea jurar &#8211; ismael silva<\/i><\/div>\n<div style=\"text-align: center;\"><i>trem das onze &#8211; adoniran barbosa<\/i><\/div>\n<div style=\"text-align: center;\"><i>a\u00ed que saudades da am\u00e9lia &#8211; mario lago<\/i><\/div>\n<div style=\"text-align: center;\"><i>viva meu samba &#8211; billy blanco<\/i><\/div>\n<div style=\"text-align: center;\"><i>exalta\u00e7\u00e3o a tiradentes &#8211; mano d\u00e9cio<\/i><\/div>\n<div style=\"text-align: center;\"><i>bloco do sujo &#8211; luiz reis<\/i><\/div>\n<div style=\"text-align: center;\"><i>pra\u00e7a onze &#8211; grande otelo<\/i><\/div>\n<div style=\"text-align: center;\"><i>acreditar &#8211; clementina de jesus<\/i><\/div>\n<div style=\"text-align: center;\"><i>minha verdade &#8211; dona yvone lara<\/i><\/div>\n<div style=\"text-align: center;\"><i>n\u00f3 na madeira &#8211; jo\u00e3o nogueira<\/i><\/div>\n<div style=\"text-align: center;\"><i>recorda\u00e7\u00f5es de um batuqueiro &#8211; xang\u00f4 da mangueira<\/i><\/div>\n<div style=\"text-align: center;\"><i>o pequeno burgu\u00eas &#8211; martinho da vila<\/i><\/div>\n<div style=\"text-align: center;\"><i>brasil, ber\u00e7o dos imigrantes &#8211; roberto ribeiro<\/i><\/div>\n<div style=\"text-align: center;\"><i>tristeza &#8211; sargentelli com o povo<\/i><\/div>\n<div style=\"text-align: center;\"><\/div>\n<div style=\"text-align: center;\"><\/div>\n","protected":false},"excerpt":{"rendered":"<p>Ol\u00e1, amigos cultos e ocultos! Aproveitando os meus 15 minutos de fama, quero dizer, de fome (hora do lanche), vou logo fazendo aqui a minha postagem, pois al\u00e9m do tempo curto, tem tamb\u00e9m a energia el\u00e9trica, que ser\u00e1 interrompida daqui &hellip; <a href=\"https:\/\/www.toque-musicall.com\/?p=228\">Continue lendo <span class=\"meta-nav\">&rarr;<\/span><\/a><\/p>\n","protected":false},"author":1,"featured_media":0,"comment_status":"open","ping_status":"closed","sticky":false,"template":"","format":"standard","meta":{"footnotes":""},"categories":[404,66],"tags":[],"class_list":["post-228","post","type-post","status-publish","format-standard","hentry","category-levanta-poeira","category-selo-som-livre"],"_links":{"self":[{"href":"https:\/\/www.toque-musicall.com\/index.php?rest_route=\/wp\/v2\/posts\/228","targetHints":{"allow":["GET"]}}],"collection":[{"href":"https:\/\/www.toque-musicall.com\/index.php?rest_route=\/wp\/v2\/posts"}],"about":[{"href":"https:\/\/www.toque-musicall.com\/index.php?rest_route=\/wp\/v2\/types\/post"}],"author":[{"embeddable":true,"href":"https:\/\/www.toque-musicall.com\/index.php?rest_route=\/wp\/v2\/users\/1"}],"replies":[{"embeddable":true,"href":"https:\/\/www.toque-musicall.com\/index.php?rest_route=%2Fwp%2Fv2%2Fcomments&post=228"}],"version-history":[{"count":0,"href":"https:\/\/www.toque-musicall.com\/index.php?rest_route=\/wp\/v2\/posts\/228\/revisions"}],"wp:attachment":[{"href":"https:\/\/www.toque-musicall.com\/index.php?rest_route=%2Fwp%2Fv2%2Fmedia&parent=228"}],"wp:term":[{"taxonomy":"category","embeddable":true,"href":"https:\/\/www.toque-musicall.com\/index.php?rest_route=%2Fwp%2Fv2%2Fcategories&post=228"},{"taxonomy":"post_tag","embeddable":true,"href":"https:\/\/www.toque-musicall.com\/index.php?rest_route=%2Fwp%2Fv2%2Ftags&post=228"}],"curies":[{"name":"wp","href":"https:\/\/api.w.org\/{rel}","templated":true}]}}