{"id":2283,"date":"2012-07-27T16:45:38","date_gmt":"2012-07-27T16:45:38","guid":{"rendered":"http:\/\/www.toque-musicall.com\/?p=2283"},"modified":"2012-07-27T16:45:38","modified_gmt":"2012-07-27T16:45:38","slug":"simonetti-e-disco-que-eu-gosto-1977","status":"publish","type":"post","link":"https:\/\/www.toque-musicall.com\/?p=2283","title":{"rendered":"Simonetti &#8211; \u00c9 Disco Que Eu Gosto (1977)"},"content":{"rendered":"<p><img loading=\"lazy\" decoding=\"async\" class=\"aligncenter\" src=\"http:\/\/1.bp.blogspot.com\/-kpoHuoR2NFY\/UBJo4pZvS9I\/AAAAAAAADGU\/npNeQOM5J4I\/s400\/capaP.JPG\" alt=\"\" width=\"399\" height=\"400\" \/><img loading=\"lazy\" decoding=\"async\" class=\"aligncenter\" src=\"http:\/\/1.bp.blogspot.com\/-FePIQKvT55g\/UBJo0sDJsLI\/AAAAAAAADGM\/_ctr1_6QTYQ\/s400\/contracapaP.JPG\" alt=\"\" width=\"398\" height=\"400\" \/><\/p>\n<p>Bom dia, amigos cultos, ocultos e associados! Hoje, sexta feira, seria convencionalmente o dia do artista\/disco independente. Eu, por\u00e9m, n\u00e3o tenho nada \u00e0 m\u00e3o no momento para salvar o dia. Se nossos artistas e seus discos independentes n\u00e3o vierem aqui para divulgar, eu \u00e9 que n\u00e3o irei faz\u00ea-lo sem permiss\u00e3o. O espa\u00e7o est\u00e1 aberto. Mod\u00e9stia a parte, uma bela vitrine para qualquer artista apresentar seu trabalho. Fica aqui, novamente, o convite. Se est\u00e1 lan\u00e7ando um \u00e1lbum, manda pra c\u00e1, pois \u00e9 de disco que eu \u00a0gosto! Eu e todos por aqui \ud83d\ude42 Como se pode ver, essa simpatia ao disco n\u00e3o \u00e9 de hoje. Temos aqui um \u00e1lbum lan\u00e7ado pela RGE em 1977. Uma colet\u00e2nea trazendo alguns dos melhores momentos o maestro e arranjador italiano Enrico Simonetti, cujo o t\u00edtulo \u00e9 o inspirado &#8220;\u00c9 disco que eu gosto&#8221;. Este era o nome de um programa da R\u00e1dio Bandeirantes, de S\u00e3o Paulo, apresentado por Henrique Lobo nos anos 60. A m\u00fasica de abertura, o prefixo do programa, com o mesmo nome foi orquestrada e arranjada por Simonetti. Em 77 a RGE lan\u00e7a este lp reunindo alguns dos melhores momentos de seu internacional maestro. Simonetti atuou no Brasil nos anos 50 e 60. No in\u00edcio dos anos 70 ele voltou para a It\u00e1lia onde continuou gravando, principalmente trilhas para tv e cinema. Pessoalmente, adoro os compositores italianos que trabalhavam com trilhas, s\u00e3o geniais e o Simonetti \u00e9 um bom exemplo. Neste elep\u00ea podemos perceber bem as suas qualidades numa sele\u00e7\u00e3o musical totalmente brasileira, temas cl\u00e1ssicos muito bem arranjados e orquestrados. Muito bom!<\/p>\n<p style=\"text-align: center;\">\u00e9 disco que eu gosto<\/p>\n<p style=\"text-align: center;\">delicado<\/p>\n<p style=\"text-align: center;\">samba de uma nota s\u00f3<\/p>\n<p style=\"text-align: center;\">favela<\/p>\n<p style=\"text-align: center;\">madureira chorou<\/p>\n<p style=\"text-align: center;\">divino esp\u00edrito santo<\/p>\n<p style=\"text-align: center;\">evoca\u00e7\u00e3o<\/p>\n<p style=\"text-align: center;\">se acaso voc\u00ea chegasse<\/p>\n<p style=\"text-align: center;\">tico tico no fub\u00e1<\/p>\n<p style=\"text-align: center;\">lampi\u00e3o de gaz<\/p>\n<p style=\"text-align: center;\">saudades da bahia<\/p>\n<p style=\"text-align: center;\">medita\u00e7\u00e3o<\/p>\n<p style=\"text-align: center;\">o orvalho vem ca\u00edndo<\/p>\n<p style=\"text-align: center;\">patorinhas<\/p>\n<p style=\"text-align: center;\">\n","protected":false},"excerpt":{"rendered":"<p>Bom dia, amigos cultos, ocultos e associados! Hoje, sexta feira, seria convencionalmente o dia do artista\/disco independente. Eu, por\u00e9m, n\u00e3o tenho nada \u00e0 m\u00e3o no momento para salvar o dia. Se nossos artistas e seus discos independentes n\u00e3o vierem aqui &hellip; <a href=\"https:\/\/www.toque-musicall.com\/?p=2283\">Continue lendo <span class=\"meta-nav\">&rarr;<\/span><\/a><\/p>\n","protected":false},"author":1,"featured_media":0,"comment_status":"open","ping_status":"closed","sticky":false,"template":"","format":"standard","meta":{"footnotes":""},"categories":[153,640],"tags":[],"class_list":["post-2283","post","type-post","status-publish","format-standard","hentry","category-selo-rge","category-simonetti"],"_links":{"self":[{"href":"https:\/\/www.toque-musicall.com\/index.php?rest_route=\/wp\/v2\/posts\/2283","targetHints":{"allow":["GET"]}}],"collection":[{"href":"https:\/\/www.toque-musicall.com\/index.php?rest_route=\/wp\/v2\/posts"}],"about":[{"href":"https:\/\/www.toque-musicall.com\/index.php?rest_route=\/wp\/v2\/types\/post"}],"author":[{"embeddable":true,"href":"https:\/\/www.toque-musicall.com\/index.php?rest_route=\/wp\/v2\/users\/1"}],"replies":[{"embeddable":true,"href":"https:\/\/www.toque-musicall.com\/index.php?rest_route=%2Fwp%2Fv2%2Fcomments&post=2283"}],"version-history":[{"count":2,"href":"https:\/\/www.toque-musicall.com\/index.php?rest_route=\/wp\/v2\/posts\/2283\/revisions"}],"predecessor-version":[{"id":2285,"href":"https:\/\/www.toque-musicall.com\/index.php?rest_route=\/wp\/v2\/posts\/2283\/revisions\/2285"}],"wp:attachment":[{"href":"https:\/\/www.toque-musicall.com\/index.php?rest_route=%2Fwp%2Fv2%2Fmedia&parent=2283"}],"wp:term":[{"taxonomy":"category","embeddable":true,"href":"https:\/\/www.toque-musicall.com\/index.php?rest_route=%2Fwp%2Fv2%2Fcategories&post=2283"},{"taxonomy":"post_tag","embeddable":true,"href":"https:\/\/www.toque-musicall.com\/index.php?rest_route=%2Fwp%2Fv2%2Ftags&post=2283"}],"curies":[{"name":"wp","href":"https:\/\/api.w.org\/{rel}","templated":true}]}}