{"id":2286,"date":"2012-07-29T01:26:25","date_gmt":"2012-07-29T01:26:25","guid":{"rendered":"http:\/\/www.toque-musicall.com\/?p=2286"},"modified":"2012-07-29T01:26:25","modified_gmt":"2012-07-29T01:26:25","slug":"marcos-roberto-singles-e-raridades-2012","status":"publish","type":"post","link":"https:\/\/www.toque-musicall.com\/?p=2286","title":{"rendered":"Marcos Roberto &#8211; Singles E Raridades (2012)"},"content":{"rendered":"<p><img loading=\"lazy\" decoding=\"async\" class=\"aligncenter\" src=\"http:\/\/1.bp.blogspot.com\/-Xn7s6gQB10o\/UBSBS60ZyFI\/AAAAAAAADG8\/9zx8cnDntno\/s400\/capa.jpg\" alt=\"\" width=\"400\" height=\"400\" \/><img loading=\"lazy\" decoding=\"async\" class=\"aligncenter\" src=\"http:\/\/3.bp.blogspot.com\/-jj95nAXsj7Y\/UBSBMYQzBjI\/AAAAAAAADG0\/V1rUDr9JDvs\/s400\/ccpa.jpg\" alt=\"\" width=\"400\" height=\"317\" \/><\/p>\n<p>Boa noite, amigos cultos, ocultos e associados! Hoje eu estava certo de que iria faltar \u00e0 postagem, pois o dia foi puxado. Literalmente puxado e arrastado. Estou com uma sensa\u00e7\u00e3o de derrota perante a minha pr\u00f3pria e impiedosa autocr\u00edtica. Ser virginiano \u00e9 uma merda!\u00a0 Mas depois de mais uma dose de whisky para acalmar (e acalmei), decidi sair do bode e voltar atr\u00e1s. Quem posta, seus males espanta. L\u00e1 vou eu&#8230;<\/p>\n<p>Me lembrei que estava em falta com o amigo Marujo. Na semana passada ele enviou esta sele\u00e7\u00e3o musical, montada com capricho, em homenagem ao cantor Marcos Roberto, falecido no s\u00e1bado, dia 21 deste m\u00eas. Confesso a voc\u00eas que nunca dei muita boa para uma boa parte de artistas da Jovem Guarda que acabaram caindo no g\u00eanero brega f\u00e1cil. Marcos Roberto, dentro do que eu conhe\u00e7o, foi um desses artistas que acabaram entrando no esquem\u00e3o para n\u00e3o cair no esquecimento. Posso estar parecendo meio injusto, mas estou dizendo essas coisas diante ao que eu vi e agora estou ouvindo. Temos aqui uma sele\u00e7\u00e3o de \u2018singles\u2019 e raridades do cantor. Coisas que eu mesmo nem conhecia. E para o meu espanto e contradi\u00e7\u00e3o, descubro aqui um artista que eu n\u00e3o conhecia. Algumas de suas m\u00fasicas, do per\u00edodo da Jovem Guarda, superam em muito a maioria da turma (sem falar, obviamente, em Roberto e Erasmo). P\u00f4, estou aqui delirando com m\u00fasicas como \u201cBem mais de 100\u201d; \u201cPrisioneiro\u201d; \u201cQuem p\u00f4s tanta coisa em sua cabe\u00e7a\u201d e \u201cQueime as minhas roupas\u201d. Bom, se o Black &amp; White ajudou eu n\u00e3o sei. O fato \u00e9 que estou gostando. Por favor, n\u00e3o me falem de ressaca. Confiram a\u00ed a sele\u00e7\u00e3o, que acima de tudo foi feita com muito carinho e \u00e9 tamb\u00e9m a nossa homenagem ao artista.<\/p>\n<p style=\"text-align: center;\">i love you, i do<\/p>\n<p style=\"text-align: center;\">encontrei o amor<\/p>\n<p style=\"text-align: center;\">vou rir de ti<\/p>\n<p style=\"text-align: center;\">pedacinho de sab\u00e3o<\/p>\n<p style=\"text-align: center;\">no te tengo a ti<\/p>\n<p style=\"text-align: center;\">yo te quiero asi<\/p>\n<p style=\"text-align: center;\">la ultima carta<\/p>\n<p style=\"text-align: center;\">si tu quieres partir<\/p>\n<p style=\"text-align: center;\">prisioneiro<\/p>\n<p style=\"text-align: center;\">quem p\u00f4s tanta coisa na sua cabe\u00e7a<\/p>\n<p style=\"text-align: center;\">maria rosa<\/p>\n<p style=\"text-align: center;\">queime minhas roupas<\/p>\n<p style=\"text-align: center;\">ah, antes que eu me esque\u00e7a<\/p>\n<p style=\"text-align: center;\">erros<\/p>\n<p style=\"text-align: center;\">vida, minha vida<\/p>\n<p style=\"text-align: center;\">bem mais que 100<\/p>\n<p style=\"text-align: center;\">muito obrigado<\/p>\n<p style=\"text-align: center;\">querida<\/p>\n<p style=\"text-align: center;\">vontade de voltar<\/p>\n<p style=\"text-align: center;\">deixa \u00e9 comigo<\/p>\n<p style=\"text-align: center;\">lembran\u00e7as de voc\u00ea<\/p>\n<p style=\"text-align: center;\">menina triste<\/p>\n<p style=\"text-align: center;\">te amo, te amo, te amo<\/p>\n","protected":false},"excerpt":{"rendered":"<p>Boa noite, amigos cultos, ocultos e associados! Hoje eu estava certo de que iria faltar \u00e0 postagem, pois o dia foi puxado. Literalmente puxado e arrastado. Estou com uma sensa\u00e7\u00e3o de derrota perante a minha pr\u00f3pria e impiedosa autocr\u00edtica. Ser &hellip; <a href=\"https:\/\/www.toque-musicall.com\/?p=2286\">Continue lendo <span class=\"meta-nav\">&rarr;<\/span><\/a><\/p>\n","protected":false},"author":1,"featured_media":0,"comment_status":"open","ping_status":"closed","sticky":false,"template":"","format":"standard","meta":{"footnotes":""},"categories":[64],"tags":[],"class_list":["post-2286","post","type-post","status-publish","format-standard","hentry","category-coletanea"],"_links":{"self":[{"href":"https:\/\/www.toque-musicall.com\/index.php?rest_route=\/wp\/v2\/posts\/2286","targetHints":{"allow":["GET"]}}],"collection":[{"href":"https:\/\/www.toque-musicall.com\/index.php?rest_route=\/wp\/v2\/posts"}],"about":[{"href":"https:\/\/www.toque-musicall.com\/index.php?rest_route=\/wp\/v2\/types\/post"}],"author":[{"embeddable":true,"href":"https:\/\/www.toque-musicall.com\/index.php?rest_route=\/wp\/v2\/users\/1"}],"replies":[{"embeddable":true,"href":"https:\/\/www.toque-musicall.com\/index.php?rest_route=%2Fwp%2Fv2%2Fcomments&post=2286"}],"version-history":[{"count":2,"href":"https:\/\/www.toque-musicall.com\/index.php?rest_route=\/wp\/v2\/posts\/2286\/revisions"}],"predecessor-version":[{"id":2288,"href":"https:\/\/www.toque-musicall.com\/index.php?rest_route=\/wp\/v2\/posts\/2286\/revisions\/2288"}],"wp:attachment":[{"href":"https:\/\/www.toque-musicall.com\/index.php?rest_route=%2Fwp%2Fv2%2Fmedia&parent=2286"}],"wp:term":[{"taxonomy":"category","embeddable":true,"href":"https:\/\/www.toque-musicall.com\/index.php?rest_route=%2Fwp%2Fv2%2Fcategories&post=2286"},{"taxonomy":"post_tag","embeddable":true,"href":"https:\/\/www.toque-musicall.com\/index.php?rest_route=%2Fwp%2Fv2%2Ftags&post=2286"}],"curies":[{"name":"wp","href":"https:\/\/api.w.org\/{rel}","templated":true}]}}