{"id":229,"date":"2011-11-29T09:43:00","date_gmt":"2011-11-29T09:43:00","guid":{"rendered":"http:\/\/www.toque-musicall.com\/?p=229"},"modified":"2011-11-29T09:43:00","modified_gmt":"2011-11-29T09:43:00","slug":"quinteto-villa-lobos-airton-lima-barbosa-1981","status":"publish","type":"post","link":"https:\/\/www.toque-musicall.com\/?p=229","title":{"rendered":"Quinteto Villa Lobos &#8211; Airton Lima Barbosa (1981)"},"content":{"rendered":"<p><a href=\"http:\/\/1.bp.blogspot.com\/-Pa9etsdODIA\/TtSq8wrbiVI\/AAAAAAAAAoc\/5qjOXvLcEnY\/s1600\/quinteto+P.JPG\"><img decoding=\"async\" style=\"display:block; margin:0px auto 10px; text-align:center;cursor:pointer; cursor:hand;width: 400px; height: 394px;\" src=\"http:\/\/1.bp.blogspot.com\/-Pa9etsdODIA\/TtSq8wrbiVI\/AAAAAAAAAoc\/5qjOXvLcEnY\/s400\/quinteto+P.JPG\" border=\"0\" alt=\"\" id=\"BLOGGER_PHOTO_ID_5680352990856972626\" \/><\/a>Bom dia, amigos cultos e ocultos! Para esta \u00faltima semana onde ainda mantemos a ter\u00e7a feira dedicada aos eruditos, eu escolhi um disco mais pela capa. Muito bonita, n\u00e3o \u00e9 mesmo? Confesso que eu mesmo, at\u00e9 ent\u00e3o, nunca cheguei a ouvir este disco. Foi uma surpresa boa. Eu j\u00e1 conhecia alguns trabalhos do Quinteto Villa Lobos, mas este disco, por ser tamb\u00e9m uma produ\u00e7\u00e3o independente e limitada, s\u00f3 agora chegou \u00e0s minhas m\u00e3os. O Quinteto Villa Lobos surgiu no in\u00edcio dos anos 60, um grupo musical exclusivo de instrumentos de sopro. Criado pelo compositor, arranjador e fagotista pernambucano Airton Lima Barbosa. Durante quase duas d\u00e9cadas este quinteto esteve \u00e0 frente como um dos mais importantes grupos da M\u00fasica de C\u00e2mara no Brasil. O grande diferencial do QVL foi saber dosar pe\u00e7as eruditas e populares.<\/p>\n<div>Este \u00e1lbum, lan\u00e7ado em 1981 de maneira independente, foi uma esp\u00e9cie de homenagem p\u00f3stuma \u00e0 Airton que faleceu no ano anterior. O Banerj (Banco do Estado do Rio de Janeiro) decidiu bancar a produ\u00e7\u00e3o do \u00e1lbum, que \u00e9 na verdade uma grava\u00e7\u00e3o caseira. Trata-se de uma apresenta\u00e7\u00e3o ao vivo realizada para um grupo pequeno de pessoas, em 1977.<\/div>\n<div>Embora o disco seja dividido em faixas, pela pr\u00f3pria natureza da grava\u00e7\u00e3o, n\u00e3o se percebe ao ouvido essas passagens. Da\u00ed, achei por bem manter a grava\u00e7\u00e3o por inteira, sem cortes ou separa\u00e7\u00e3o de m\u00fasicas. A audi\u00e7\u00e3o \u00e9 linear, sem pausas, ok?<\/div>\n<div><\/div>\n<div style=\"text-align: center;\">divertimento em si bemol maior, em tr\u00eas movimentos: allegro, andante e rond\u00f3 (haydn)<\/div>\n<div style=\"text-align: center;\">tr\u00eas pe\u00e7as breves &#8211; allegro (jacques ibert)<\/div>\n<div style=\"text-align: center;\">quarteto (villa-lobos)<\/div>\n<div style=\"text-align: center;\">odeon (ernesto nazareth e ubaldo)<\/div>\n<div style=\"text-align: center;\">naquele tempo (pixinguinha e benedito lacerda)<\/div>\n<div style=\"text-align: center;\">segura ele (pixinguinha e benedito lacerda)<\/div>\n<div style=\"text-align: center;\">choro negro (paulinho da viola e fernando costa)<\/div>\n<div style=\"text-align: center;\">sempre (k-ximbinho)<\/div>\n<div style=\"text-align: center;\">quinteto em forma de choro (villa-lobos)<\/div>\n<div style=\"text-align: center;\">divertimento n\u00ba 1: campo de flores (fernando sandroni)<\/div>\n<div style=\"text-align: center;\"><\/div>\n<div><\/div>\n","protected":false},"excerpt":{"rendered":"<p>Bom dia, amigos cultos e ocultos! Para esta \u00faltima semana onde ainda mantemos a ter\u00e7a feira dedicada aos eruditos, eu escolhi um disco mais pela capa. Muito bonita, n\u00e3o \u00e9 mesmo? Confesso que eu mesmo, at\u00e9 ent\u00e3o, nunca cheguei a &hellip; <a href=\"https:\/\/www.toque-musicall.com\/?p=229\">Continue lendo <span class=\"meta-nav\">&rarr;<\/span><\/a><\/p>\n","protected":false},"author":1,"featured_media":0,"comment_status":"open","ping_status":"closed","sticky":false,"template":"","format":"standard","meta":{"footnotes":""},"categories":[405,406,25],"tags":[],"class_list":["post-229","post","type-post","status-publish","format-standard","hentry","category-airton-lima-barbosa","category-quinteto-villa-lobos","category-selo-independente"],"_links":{"self":[{"href":"https:\/\/www.toque-musicall.com\/index.php?rest_route=\/wp\/v2\/posts\/229","targetHints":{"allow":["GET"]}}],"collection":[{"href":"https:\/\/www.toque-musicall.com\/index.php?rest_route=\/wp\/v2\/posts"}],"about":[{"href":"https:\/\/www.toque-musicall.com\/index.php?rest_route=\/wp\/v2\/types\/post"}],"author":[{"embeddable":true,"href":"https:\/\/www.toque-musicall.com\/index.php?rest_route=\/wp\/v2\/users\/1"}],"replies":[{"embeddable":true,"href":"https:\/\/www.toque-musicall.com\/index.php?rest_route=%2Fwp%2Fv2%2Fcomments&post=229"}],"version-history":[{"count":0,"href":"https:\/\/www.toque-musicall.com\/index.php?rest_route=\/wp\/v2\/posts\/229\/revisions"}],"wp:attachment":[{"href":"https:\/\/www.toque-musicall.com\/index.php?rest_route=%2Fwp%2Fv2%2Fmedia&parent=229"}],"wp:term":[{"taxonomy":"category","embeddable":true,"href":"https:\/\/www.toque-musicall.com\/index.php?rest_route=%2Fwp%2Fv2%2Fcategories&post=229"},{"taxonomy":"post_tag","embeddable":true,"href":"https:\/\/www.toque-musicall.com\/index.php?rest_route=%2Fwp%2Fv2%2Ftags&post=229"}],"curies":[{"name":"wp","href":"https:\/\/api.w.org\/{rel}","templated":true}]}}