{"id":2297,"date":"2012-08-01T02:09:29","date_gmt":"2012-08-01T02:09:29","guid":{"rendered":"http:\/\/www.toque-musicall.com\/?p=2297"},"modified":"2012-08-01T10:36:02","modified_gmt":"2012-08-01T10:36:02","slug":"pixinguinha-vida-e-obra-1978","status":"publish","type":"post","link":"https:\/\/www.toque-musicall.com\/?p=2297","title":{"rendered":"Pixinguinha &#8211; Vida E Obra (1978)"},"content":{"rendered":"<p><a href=\"https:\/\/www.toque-musicall.com\/wp-content\/uploads\/pixinguinha-P.jpg\"><img loading=\"lazy\" decoding=\"async\" class=\"aligncenter size-full wp-image-2298\" title=\"pixinguinha P\" src=\"https:\/\/www.toque-musicall.com\/wp-content\/uploads\/pixinguinha-P.jpg\" alt=\"\" width=\"1000\" height=\"1012\" srcset=\"https:\/\/www.toque-musicall.com\/wp-content\/uploads\/pixinguinha-P.jpg 1000w, https:\/\/www.toque-musicall.com\/wp-content\/uploads\/pixinguinha-P-296x300.jpg 296w\" sizes=\"auto, (max-width: 1000px) 100vw, 1000px\" \/><\/a><img loading=\"lazy\" decoding=\"async\" class=\"aligncenter\" src=\"http:\/\/2.bp.blogspot.com\/-ZqaBn-4bGco\/UBiNiLROq0I\/AAAAAAAADJA\/ZBxVdvj8xj4\/s400\/pixinguinha+-+capa+inteira+P.JPG\" alt=\"\" width=\"400\" height=\"203\" \/><\/p>\n<p>Ol\u00e1 amigos cultos, ocultos e associados! Como primeira postagem dentro dos 5 aninhos do blog, fiz quest\u00e3o de escolher um artista que representasse a grandiosidade (hum&#8230;) do momento. Entre os melhores e que mais gosto est\u00e1 o Mestre Pixinguinha. Afoito, ao escolher o disco, eu n\u00e3o percebi que o mesmo era um \u00e1lbum duplo e estava incompleto, faltando o disco 2. Xiii&#8230; essa foi mal. Foi mal porque terei que procurar novamente este \u00e1lbum e infelizmente n\u00e3o vai ser poss\u00edvel faze-lo de imediato. Inclusive, nos pr\u00f3ximos dias, n\u00e3o poderei fazer novas postagens. Acabou as f\u00e9rias, a licen\u00e7a m\u00e9dica e tem um mont\u00e3o de servi\u00e7o me esperando neste resto de semana. Estou viajando a trabalho e s\u00f3 volto na segunda feira seguinte. At\u00e9 l\u00e1, deixo voc\u00eas apreciando o Pixinguinha incompleto, mas prometo que assim que voltar, dou um jeito.<\/p>\n<p>Este \u00e1lbum \u00e9 bem bacana, reunindo v\u00e1rios momentos da m\u00fasica do Mestre. Foi lan\u00e7ado pelo selo Som Livre em tiragem limitada, como brinde exclusivo de fim de ano da Rede Globo. O \u00e1lbum al\u00e9m de ser duplo, traz encadernados 58 p\u00e1ginas com textos e fotos hist\u00f3ricas, a discografia completa e seus int\u00e9rpretes. Realmente um \u00e1lbum que vale n\u00e3o s\u00f3 pelo conte\u00fado musical. O texto e sele\u00e7\u00e3o musical foram do jornalista S\u00e9rgio Cabral. Uma bel\u00edssima colet\u00e2nea que vale a pena conhecer. Fico devendo o outro disco, aguarde&#8230;<\/p>\n<p style=\"text-align: center;\">carinhoso &#8211; pixinguinha<\/p>\n<p style=\"text-align: center;\">urub\u00fa &#8211; os oito batutas<\/p>\n<p style=\"text-align: center;\">os cinco companheiros &#8211; paulinho da viola<\/p>\n<p style=\"text-align: center;\">rosa &#8211; orlando silva<\/p>\n<p style=\"text-align: center;\">patr\u00e3o prenda seu gado &#8211; almirante<\/p>\n<p style=\"text-align: center;\">1 x 0 &#8211; pixinguinha e benedito lacerda<\/p>\n<p style=\"text-align: center;\">vou vivendo &#8211; dilermando reis<\/p>\n<p style=\"text-align: center;\">os oito batutas &#8211; conjuto \u00e9poca de ouro<\/p>\n<p style=\"text-align: center;\">benguel\u00ea &#8211; conjunto rosa de ouro<\/p>\n<p style=\"text-align: center;\">ing\u00eanuo &#8211; jacob dobandolim<\/p>\n<p style=\"text-align: center;\">\n<p>&nbsp;<\/p>\n","protected":false},"excerpt":{"rendered":"<p>Ol\u00e1 amigos cultos, ocultos e associados! Como primeira postagem dentro dos 5 aninhos do blog, fiz quest\u00e3o de escolher um artista que representasse a grandiosidade (hum&#8230;) do momento. Entre os melhores e que mais gosto est\u00e1 o Mestre Pixinguinha. Afoito, &hellip; <a href=\"https:\/\/www.toque-musicall.com\/?p=2297\">Continue lendo <span class=\"meta-nav\">&rarr;<\/span><\/a><\/p>\n","protected":false},"author":1,"featured_media":0,"comment_status":"open","ping_status":"closed","sticky":false,"template":"","format":"standard","meta":{"footnotes":""},"categories":[122],"tags":[],"class_list":["post-2297","post","type-post","status-publish","format-standard","hentry","category-pixinguinha"],"_links":{"self":[{"href":"https:\/\/www.toque-musicall.com\/index.php?rest_route=\/wp\/v2\/posts\/2297","targetHints":{"allow":["GET"]}}],"collection":[{"href":"https:\/\/www.toque-musicall.com\/index.php?rest_route=\/wp\/v2\/posts"}],"about":[{"href":"https:\/\/www.toque-musicall.com\/index.php?rest_route=\/wp\/v2\/types\/post"}],"author":[{"embeddable":true,"href":"https:\/\/www.toque-musicall.com\/index.php?rest_route=\/wp\/v2\/users\/1"}],"replies":[{"embeddable":true,"href":"https:\/\/www.toque-musicall.com\/index.php?rest_route=%2Fwp%2Fv2%2Fcomments&post=2297"}],"version-history":[{"count":3,"href":"https:\/\/www.toque-musicall.com\/index.php?rest_route=\/wp\/v2\/posts\/2297\/revisions"}],"predecessor-version":[{"id":2300,"href":"https:\/\/www.toque-musicall.com\/index.php?rest_route=\/wp\/v2\/posts\/2297\/revisions\/2300"}],"wp:attachment":[{"href":"https:\/\/www.toque-musicall.com\/index.php?rest_route=%2Fwp%2Fv2%2Fmedia&parent=2297"}],"wp:term":[{"taxonomy":"category","embeddable":true,"href":"https:\/\/www.toque-musicall.com\/index.php?rest_route=%2Fwp%2Fv2%2Fcategories&post=2297"},{"taxonomy":"post_tag","embeddable":true,"href":"https:\/\/www.toque-musicall.com\/index.php?rest_route=%2Fwp%2Fv2%2Ftags&post=2297"}],"curies":[{"name":"wp","href":"https:\/\/api.w.org\/{rel}","templated":true}]}}