{"id":23,"date":"2012-06-22T17:19:00","date_gmt":"2012-06-22T17:19:00","guid":{"rendered":"http:\/\/www.toque-musicall.com\/?p=23"},"modified":"2012-06-22T17:19:00","modified_gmt":"2012-06-22T17:19:00","slug":"caminho-da-roca-quadrilha-marcada-1978","status":"publish","type":"post","link":"https:\/\/www.toque-musicall.com\/?p=23","title":{"rendered":"Caminho Da Ro\u00e7a &#8211; Quadrilha Marcada (1978)"},"content":{"rendered":"<div style=\"clear: both; text-align: center;\"><a href=\"http:\/\/3.bp.blogspot.com\/-_aNlGX8in2A\/T-ShaSyyXII\/AAAAAAAAC_Y\/poPDY1OvxiI\/s1600\/capap.JPG\" style=\"margin-left: 1em; margin-right: 1em;\"><img loading=\"lazy\" decoding=\"async\" border=\"0\" height=\"400\" src=\"http:\/\/3.bp.blogspot.com\/-_aNlGX8in2A\/T-ShaSyyXII\/AAAAAAAAC_Y\/poPDY1OvxiI\/s400\/capap.JPG\" width=\"397\" \/><\/a><\/div>\n<div style=\"clear: both; text-align: center;\"><a href=\"http:\/\/1.bp.blogspot.com\/-LrOdCormVLY\/T-ShWZXnn7I\/AAAAAAAAC_Q\/XaW6PTfiLAk\/s1600\/contracapap.JPG\" style=\"margin-left: 1em; margin-right: 1em;\"><img loading=\"lazy\" decoding=\"async\" border=\"0\" height=\"400\" src=\"http:\/\/1.bp.blogspot.com\/-LrOdCormVLY\/T-ShWZXnn7I\/AAAAAAAAC_Q\/XaW6PTfiLAk\/s400\/contracapap.JPG\" width=\"396\" \/><\/a><\/div>\n<p>Ol\u00e1 amigos cultos, ocultos e associados! Eu ontem informei a voc\u00eas que estaria adiantando as minhas f\u00e9rias, devido ao tombo que levei. Tive uma fratura no joelho e o m\u00e9dico me mandou ficar de repouso absoluto. Nem precisava, pois a dor est\u00e1 de amargar. Agrade\u00e7o desde j\u00e1 \u00e0 todos as mensagens de solidariedade recebidas. Isso faz um bem que voc\u00eas n\u00e3o imaginam. Talvez por isso mesmo foi que eu resolvi voltar, pelo menos hoje, e fazer uma postagem que neste m\u00eas n\u00e3o poderia faltar. Todos os anos eu sempre postei um ou mais discos relacionados \u00e0s festividades juninas. Seria uma grande falta se eu tivesse deixado passar em branco, n\u00e3o \u00e9 mesmo? Assim sendo, est\u00e1 aqui o meu representante, &#8220;Caminho da Ro\u00e7a &#8211; Quadrilha Marcada&#8221; foi um lp lan\u00e7ado pela Odeon, atrav\u00e9s de seu selo Imperial em 1978. No \u00e1lbum n\u00e3o consta cr\u00e9ditos para os int\u00e9rpretes, o que me faz pensar que sejam essas grava\u00e7\u00f5es mais antigas, &#8216;fonogramas de gaveta&#8217; prontos para serem utilizados comercialmente nessas ocasi\u00f5es. O que vale mesmo \u00e9 o repert\u00f3rio, com m\u00fasicas tradicionais e bastante conhecidas do p\u00fablico. O lado B do disco \u00e9 feito mesmo para a quadrilha dan\u00e7ar, sem pausa e marcadinha, como manda o figurino \ud83d\ude42<br \/>Agora eu posso fazer o meu repouso tranquilo e dar aquela parada necess\u00e1ria. Por\u00e9m, estando eu aqui de molho, eventualmente, farei mais algumas postagens e repostagens (\u00eata cacha\u00e7a, s\u00f4!)<br \/>Em julho, o Toque Musical completa 5 anos! E eu n\u00e3o posso deixar essa data tamb\u00e9m passar em branco. Farei aqui algumas chamadas de celebra\u00e7\u00e3o e tamb\u00e9m estarei refor\u00e7ando o aviso da nossa mudan\u00e7a em agosto. Cinco anos j\u00e1 merece uma certa independ\u00eancia, n\u00e3o \u00e9 mesmo? Fiquem ligados, a festa ainda vai come\u00e7ar \ud83d\ude09<\/p>\n<div style=\"text-align: center;\">o sanfoneiro s\u00f3 tocava isso<\/div>\n<div style=\"text-align: center;\">antonio, pedro e jo\u00e3o<\/div>\n<div style=\"text-align: center;\">capelinha de mel\u00e3o<\/div>\n<div style=\"text-align: center;\">isso \u00e9 l\u00e1 com santo antonio<\/div>\n<div style=\"text-align: center;\">noites de junho<\/div>\n<div style=\"text-align: center;\">sonho de papel &#8211; pula fogueira<\/div>\n<div style=\"text-align: center;\">cai, cai, bal\u00e3o &#8211; chegou a hora da fogueira<\/div>\n<div style=\"text-align: center;\">vamos dan\u00e7ar a quadrilha (pot pourri)<\/div>\n<div style=\"text-align: center;\"><\/div>\n<p><\/p>\n","protected":false},"excerpt":{"rendered":"<p>Ol\u00e1 amigos cultos, ocultos e associados! Eu ontem informei a voc\u00eas que estaria adiantando as minhas f\u00e9rias, devido ao tombo que levei. Tive uma fratura no joelho e o m\u00e9dico me mandou ficar de repouso absoluto. Nem precisava, pois a &hellip; <a href=\"https:\/\/www.toque-musicall.com\/?p=23\">Continue lendo <span class=\"meta-nav\">&rarr;<\/span><\/a><\/p>\n","protected":false},"author":1,"featured_media":0,"comment_status":"open","ping_status":"closed","sticky":false,"template":"","format":"standard","meta":{"footnotes":""},"categories":[4,3],"tags":[],"class_list":["post-23","post","type-post","status-publish","format-standard","hentry","category-quadrilha-marcada","category-selo-imperial"],"_links":{"self":[{"href":"https:\/\/www.toque-musicall.com\/index.php?rest_route=\/wp\/v2\/posts\/23","targetHints":{"allow":["GET"]}}],"collection":[{"href":"https:\/\/www.toque-musicall.com\/index.php?rest_route=\/wp\/v2\/posts"}],"about":[{"href":"https:\/\/www.toque-musicall.com\/index.php?rest_route=\/wp\/v2\/types\/post"}],"author":[{"embeddable":true,"href":"https:\/\/www.toque-musicall.com\/index.php?rest_route=\/wp\/v2\/users\/1"}],"replies":[{"embeddable":true,"href":"https:\/\/www.toque-musicall.com\/index.php?rest_route=%2Fwp%2Fv2%2Fcomments&post=23"}],"version-history":[{"count":0,"href":"https:\/\/www.toque-musicall.com\/index.php?rest_route=\/wp\/v2\/posts\/23\/revisions"}],"wp:attachment":[{"href":"https:\/\/www.toque-musicall.com\/index.php?rest_route=%2Fwp%2Fv2%2Fmedia&parent=23"}],"wp:term":[{"taxonomy":"category","embeddable":true,"href":"https:\/\/www.toque-musicall.com\/index.php?rest_route=%2Fwp%2Fv2%2Fcategories&post=23"},{"taxonomy":"post_tag","embeddable":true,"href":"https:\/\/www.toque-musicall.com\/index.php?rest_route=%2Fwp%2Fv2%2Ftags&post=23"}],"curies":[{"name":"wp","href":"https:\/\/api.w.org\/{rel}","templated":true}]}}