{"id":230,"date":"2011-11-28T10:40:00","date_gmt":"2011-11-28T10:40:00","guid":{"rendered":"http:\/\/www.toque-musicall.com\/?p=230"},"modified":"2011-11-28T10:40:00","modified_gmt":"2011-11-28T10:40:00","slug":"opera-do-malandro-trilha-original-do-filme-1987","status":"publish","type":"post","link":"https:\/\/www.toque-musicall.com\/?p=230","title":{"rendered":"Opera Do Malandro &#8211; Trilha Original Do Filme (1987)"},"content":{"rendered":"<p><span><a href=\"http:\/\/1.bp.blogspot.com\/-ZZ5NhoMnsUc\/TtNliA8jiNI\/AAAAAAAAAoQ\/ETX2hPZdF4c\/s1600\/capa+P.JPG\"><img decoding=\"async\" style=\"display:block; margin:0px auto 10px; text-align:center;cursor:pointer; cursor:hand;width: 395px; height: 400px;\" src=\"http:\/\/1.bp.blogspot.com\/-ZZ5NhoMnsUc\/TtNliA8jiNI\/AAAAAAAAAoQ\/ETX2hPZdF4c\/s400\/capa+P.JPG\" border=\"0\" alt=\"\" id=\"BLOGGER_PHOTO_ID_5679995190088272082\" \/><\/a>Bom dia, amigos cultos e ocultos! Como eu j\u00e1 havia dito anteriormente, estamos tendo a segunda e ter\u00e7a feira dedicados \u00e0s postagens, respectivamente, de trilhas e m\u00fasica erudita por um tempo determinado. Seria at\u00e9 o fim deste ano ou enquanto durasse o estoque. O ano ainda n\u00e3o acabou e o estoque tamb\u00e9m n\u00e3o, por\u00e9m outras publica\u00e7\u00f5es clamam por seu espa\u00e7o. Agora mesmo estou nessa onda de digitalizar e postar bolachas de 78 rpm. H\u00e1 tamb\u00e9m<\/span> outros<span> tantos discos que eu n\u00e3o vejo a hora de postar aqui no Toque Musical. Em sumo e em resumo, a partir de dezembro, novas mudan\u00e7as: segunda feira ser\u00e1 para postagens do GRB (Grand Record Brazil), o selo exclusivo do TM. A ter\u00e7a volta a ser livre. Os cl\u00e1ssicos, eruditos e tamb\u00e9m as trilhas, continuam sendo publicados, mas sem dia certo.<\/span><\/p>\n<div><span>Para hoje, vamos com a trilha do filme de Ruy Guerra, &#8220;Opera do Malandro&#8221;, um musical baseado em outro, &#8220;A opera dos tr\u00eas vint\u00e9ns&#8221;, de Bertold Brecht e Kurt Weill. O roteiro do filme \u00e9 de Chico Buarque, Ruy Guerra e Orlando Senna. As m\u00fasicas s\u00e3o todas de Chico Buarque, com arranjos do Maestro Francisco de Morais. <\/span><\/div>\n<div><span>Eu, na verdade, preferia postar o disco da Opera do Malandro, do Chico, mas esse, al\u00e9m de j\u00e1 bem explorado em outros blogs, fatalmente acabaria se tornando um REPOST e limitado aos membros do Grupo Toque Musical. Melhor mesmo \u00e9 ficarmos na trilha do filme \ud83d\ude09<\/span><\/div>\n<div><span><br \/><\/span><\/div>\n<div style=\"text-align: center;\"><span>a volta do malandro &#8211; a gang<\/span><\/div>\n<div style=\"text-align: center;\"><span>la muchachas de copacabana &#8211; elba ramalho<\/span><\/div>\n<div style=\"text-align: center;\"><span>tema da geni (instrumental)<\/span><\/div>\n<div style=\"text-align: center;\"><span>hino da repress\u00e3o &#8211; ney latorraca<\/span><\/div>\n<div style=\"text-align: center;\"><span>aquela mulher &#8211; edson celulari<\/span><\/div>\n<div style=\"text-align: center;\"><span>viver do amor &#8211; as mariposas<\/span><\/div>\n<div style=\"text-align: center;\"><span>sentimental &#8211; claudia ohana<\/span><\/div>\n<div style=\"text-align: center;\"><span>desafio do malandro &#8211; edsomn celulari e aquiles<\/span><\/div>\n<div style=\"text-align: center;\"><span>o \u00faltimo blues &#8211; claudia ohana<\/span><\/div>\n<div style=\"text-align: center;\"><span>palavra de mulher &#8211; elba ramalho<\/span><\/div>\n<div style=\"text-align: center;\"><span>o meu amor &#8211; elba ramalho e claudia ohana<\/span><\/div>\n<div style=\"text-align: center;\"><span>tango do covil &#8211; os muchachos<\/span><\/div>\n<div style=\"text-align: center;\"><span>uma can\u00e7\u00e3o desnaturada &#8211; suely costa<\/span><\/div>\n<div style=\"text-align: center;\"><span>rio 42 &#8211; as mariposas<\/span><\/div>\n<div style=\"text-align: center;\"><span>peda\u00e7o de mim &#8211; elba ramalho e edson celulari<\/span><\/div>\n<div style=\"text-align: center;\"><span><br \/><\/span><\/div>\n<div style=\"text-align: center;\"><span><br \/><\/span><\/div>\n","protected":false},"excerpt":{"rendered":"<p>Bom dia, amigos cultos e ocultos! Como eu j\u00e1 havia dito anteriormente, estamos tendo a segunda e ter\u00e7a feira dedicados \u00e0s postagens, respectivamente, de trilhas e m\u00fasica erudita por um tempo determinado. Seria at\u00e9 o fim deste ano ou enquanto &hellip; <a href=\"https:\/\/www.toque-musicall.com\/?p=230\">Continue lendo <span class=\"meta-nav\">&rarr;<\/span><\/a><\/p>\n","protected":false},"author":1,"featured_media":0,"comment_status":"open","ping_status":"closed","sticky":false,"template":"","format":"standard","meta":{"footnotes":""},"categories":[408,407,409,346],"tags":[],"class_list":["post-230","post","type-post","status-publish","format-standard","hentry","category-chico-buarque","category-opera-do-malandro","category-selo","category-trilhas"],"_links":{"self":[{"href":"https:\/\/www.toque-musicall.com\/index.php?rest_route=\/wp\/v2\/posts\/230","targetHints":{"allow":["GET"]}}],"collection":[{"href":"https:\/\/www.toque-musicall.com\/index.php?rest_route=\/wp\/v2\/posts"}],"about":[{"href":"https:\/\/www.toque-musicall.com\/index.php?rest_route=\/wp\/v2\/types\/post"}],"author":[{"embeddable":true,"href":"https:\/\/www.toque-musicall.com\/index.php?rest_route=\/wp\/v2\/users\/1"}],"replies":[{"embeddable":true,"href":"https:\/\/www.toque-musicall.com\/index.php?rest_route=%2Fwp%2Fv2%2Fcomments&post=230"}],"version-history":[{"count":0,"href":"https:\/\/www.toque-musicall.com\/index.php?rest_route=\/wp\/v2\/posts\/230\/revisions"}],"wp:attachment":[{"href":"https:\/\/www.toque-musicall.com\/index.php?rest_route=%2Fwp%2Fv2%2Fmedia&parent=230"}],"wp:term":[{"taxonomy":"category","embeddable":true,"href":"https:\/\/www.toque-musicall.com\/index.php?rest_route=%2Fwp%2Fv2%2Fcategories&post=230"},{"taxonomy":"post_tag","embeddable":true,"href":"https:\/\/www.toque-musicall.com\/index.php?rest_route=%2Fwp%2Fv2%2Ftags&post=230"}],"curies":[{"name":"wp","href":"https:\/\/api.w.org\/{rel}","templated":true}]}}