{"id":2302,"date":"2012-08-07T03:01:03","date_gmt":"2012-08-07T03:01:03","guid":{"rendered":"http:\/\/www.toque-musicall.com\/?p=2302"},"modified":"2012-08-24T21:05:35","modified_gmt":"2012-08-24T21:05:35","slug":"2302","status":"publish","type":"post","link":"https:\/\/www.toque-musicall.com\/?p=2302","title":{"rendered":"V\u00e1rios &#8211; Sele\u00e7\u00e3o 78 RPM Do Toque Musical &#8211; Vol. 29 (2012)"},"content":{"rendered":"<p><img loading=\"lazy\" decoding=\"async\" class=\"aligncenter\" src=\"http:\/\/1.bp.blogspot.com\/-BbaKDQhhkWg\/UCEMtC_o3fI\/AAAAAAAADKM\/3qQkOGVmEw0\/s400\/CAPAp.JPG\" alt=\"\" width=\"400\" height=\"400\" \/><img loading=\"lazy\" decoding=\"async\" class=\"aligncenter\" src=\"http:\/\/1.bp.blogspot.com\/-xoPlGMNiP_w\/UCEMoYAvWtI\/AAAAAAAADKE\/1zsczIH3d8I\/s400\/CONTRACAPAp.JPG\" alt=\"\" width=\"400\" height=\"400\" \/>Ap\u00f3s uma semana de aus\u00eancia, motivada pelo anivers\u00e1rio do nosso Toque Musical, estamos de volta com o Grand Record Brazil, em sua edi\u00e7\u00e3o de n\u00famero 29. O coquetel da semana tem quinze fonogramas com os mais variados int\u00e9rpretes, para enriquecer os acervos de muitos colecionadores.<\/p>\n<p>Para come\u00e7ar, apresentamos uma cantora inclu\u00edda entre as pioneiras na interpreta\u00e7\u00e3o e grava\u00e7\u00e3o de temas folcl\u00f3ricos: Elsie Houston (Rio de Janeiro, 1902-Nova York, EUA, 1943), soprano que era filha de um dentista americano do Tennessee, no Rio desde 1892, e de uma carioca descendente de portugueses da Ilha da Madeira. Estudou canto l\u00edrico na Alemanha em 1922 e tomou o gosto por nosso folclore ao conhecer o maestro e compositor Luciano Gallet. Casou-se, em 1927, com o poeta e militante trotskista Benjamin Peret, durante temporada em Paris, e tiveram um filho em 1931. No mesmo ano, hostilizado pelo governo getulista, o casal mudou-se para a Fran\u00e7a. Em 1936, Peret foi lutar na Guerra Civil Espanhola e se envolveu com uma pintora hispano-americana, motivo que faria Elsie, um ano mais tarde, mudar-se para Nova York. Em 1939-40 apresentou na rede de r\u00e1dio NBC o programa \u201cFiesta pan-americana\u201d, onde divulgava nossa m\u00fasica. No dia 20 de fevereiro de 1943, Elsie Houston foi encontrada morta em seu apartamento na Park Avenue, n\u00e3o se sabe at\u00e9 hoje se por assassinato ou suic\u00eddio! Aqui, poderemos ouvi-la numa grava\u00e7\u00e3o de 26 de setembro de 1933, feita na Gramophone Company de Paris,\u00a0 na qual interpreta dois temas harmonizados por ela mesma: \u201cBerceuse africano-brasilienne\u201d e \u00d3ia o sapo\u201d, disco original K-7055-B, matriz OPG 1017-1. Em seguida, Gast\u00e3o Formenti (Guaratinguet\u00e1, SP, 1894-Rio de Janeiro, 1974) apresenta um de seus mais queridos e conhecidos sucessos: o cateret\u00ea (que mais parece rumba) \u201cDe papo pro \u00e1\u201d, da parceria Joubert de Carvalho-Oleg\u00e1rio Mariano, em grava\u00e7\u00e3o Victor de 28 de agosto de 1931, lan\u00e7ada em outubro do mesmo ano, disco 33469-A, matriz 65226. Conv\u00e9m lembrar ali\u00e1s que jerer\u00e9, citada na letra, n\u00e3o \u00e9 uma cidade mas sim um tipo de rede de pesca. Pescar de jerer\u00e9 equivale a pescar de anzol. Editado como \u201ccan\u00e7\u00e3o regional\u201d, \u201cDe papo pro \u00e1\u201d tem v\u00e1rios registros e \u00e9 at\u00e9 hoje muito conhecida e lembrada. O contracanto \u00e9 feito por Castro Barbosa, sem cr\u00e9dito no selo e o acompanhamento por \u201corquestra t\u00edpica\u201d. Dil\u00fa Mello (Maria de Lourdes Argollo Oliver, Viana, MA, 1913-Rio de Janeiro, 2000) tamb\u00e9m foi s\u00e9ria pesquisadora de nosso folclore, e deixou mais de cem composi\u00e7\u00f5es. Aqui, um de seus hits, bastante conhecido: a toada \u201cFiz a cama na varanda\u201d, dela em parceria com Ov\u00eddio Chaves, lan\u00e7ada pela Continental em abril de 1944, disco 15126-A, matriz 724, com acompanhamento do Conjunto Tocantins, que tamb\u00e9m faz coro. Outra pe\u00e7a que tem in\u00fameros registros, entre eles os de Stelinha Egg, Inezita Barroso e Nara Le\u00e3o. De ascend\u00eancia alem\u00e3, o carioca Breno Ferreira Hehl (1907-1966) foi cantor enquanto estudava direito, e abandonou a advocacia depois de se formar. Tamb\u00e9m foi pioneiro do cooperativismo no Brasil, tendo publicado v\u00e1rios livros t\u00e9cnicos, e foi o descobridor de Dolores Duran. Eis Breno Ferreira em sua obra mais conhecida, por certo: a embolada \u201cAndorinha preta\u201d, por ele composta em 1925, e que gravaria sete anos depois, na Columbia, neste registro lan\u00e7ado em maio de 1932, disco 22136-B, matriz 381255. Foi regravada mais tarde, entre outros, por Nat King Cole, Trio Irakitan e (vejam voc\u00eas!) Hebe Camargo. Os Trig\u00eameos Vocalistas aqui comparecem com um corim\u00e1 (g\u00eanero afro-brasileiro) de Jo\u00e3o da Baiana, \u201cOgum Nil\u00ea\u201d, por eles gravado na Odeon em 31 de maio de 1950, com lan\u00e7amento em agosto seguinte com o n.o 13033-A, matriz 8633. No selo original, \u00e9 dado como co-autor Raul Carrazatto, um dos Trig\u00eameos, mas em 1957, quando o pr\u00f3prio Jo\u00e3o da Baiana regravou a m\u00fasica, Raul sumiu da parceria, nem sequer sendo creditado! Por que ser\u00e1? Vamos agora comentar sobre tr\u00eas grava\u00e7\u00f5es do GRB desta semana, feitas em 7-8 de agosto de 1940, a bordo do navio \u201cS.S.Uruguai\u201d, ent\u00e3o atracado no porto carioca, sob a supervis\u00e3o do maestro brit\u00e2nico Leopold Stokowski (Londres, 1882-Hampshire, 1977), que ent\u00e3o excursionava com sua All American Youth Orchestra. A nata da MPB naqueles tempos foi escalada para fazer uma s\u00e9rie de 40 grava\u00e7\u00f5es, com plateia formada pelos m\u00fasicos da orquestra de Stokowski. Destas, dezessete sa\u00edram em disco nos EUA pela Columbia, no in\u00edcio de 1942, em dois \u00e1lbuns de 78 rpm com quatro cada um, intitulados \u201cNative brazilian music\u201d. O GRB apresenta, desta s\u00e9rie que s\u00f3 saiu no Brasil em 1987, em LP da Funarte, tr\u00eas registros precios\u00edssimos: o ponto de macumba \u201cCaboclo do mato\u201d, de Get\u00falio \u201cAmor\u201d Marinho e Jo\u00e3o da Baiana, interpretado por ele mesmo em dupla com Janir Martins, sendo a flauta do mestre Pixinguinha (disco 36504-B, matriz CO-30151),\u00a0 a embolada \u201cBambo do bambu\u201d, de Donga e Patr\u00edcio Teixeira, interpretada por Jararaca e Ratinho (disco 36505-B, matriz CO-30156), e o samba, tamb\u00e9m de Donga, \u201cPassarinho bateu asas\u201d (disco 36508-B, matriz CO-30149), na voz de Z\u00e9 da Zilda. Hist\u00f3rico! Isaura Garcia, a \u201cpersonal\u00edssima\u201d, cantora de longa carreira e in\u00fameros sucessos, vem aqui com um deles, em dueto com o mineiro (de Vi\u00e7osa) Herv\u00ea Cordovil: o bai\u00e3o \u201cP\u00e9 de manac\u00e1\u201d, de Herv\u00ea com Mariza Pinto Coelho, em grava\u00e7\u00e3o RCA Victor de 22 de junho de 1950, lan\u00e7ada em setembro do mesmo ano, disco 80-0686-A, matriz S-092695. Eles j\u00e1 cantavam a m\u00fasica em dueto na R\u00e1dio Record de S\u00e3o Paulo, e o sucesso se repetiu em disco. Conhecidos como \u201cos reis do riso\u201d, Alvarenga e Ranchinho aqui est\u00e3o em uma das p\u00e1ginas mais conhecidas e apreciadas de seu repert\u00f3rio: a \u201cvalsa f\u00fanebre\u201d \u201cRomance de uma caveira\u201d, deles pr\u00f3prios mais Chiquinho Sales, em grava\u00e7\u00e3o Odeon de 2 de fevereiro de 1940, lan\u00e7ada em mar\u00e7o seguinte, disco 11831-A, matriz 6301. No acompanhamento, o conjunto do violonista Rog\u00e9rio Guimar\u00e3es. Quem nunca ouviu que atire a primeira pedra! A seguir, duas grava\u00e7\u00f5es lan\u00e7adas somente em LP: a primeira \u00e9 a conhecida toada \u201cChu\u00e1, chu\u00e1\u201d, de Pedro de S\u00e1 Pereira, Ary Pav\u00e3o e Marques Porto, os tr\u00eas por coincid\u00eancia ga\u00fachos. Foi lan\u00e7ada na revista teatral \u201cComidas, meu santo!\u201d, em 1925,\u00a0 por Roberto Vilmar, sendo depois levada a disco pelo cantor Fernando. Aqui, quem a interpreta, acompanhada pela orquestra de Rafael Puglielli, \u00e9 a dupla Cascatinha e Inhana, em registro lan\u00e7ado pela Todam\u00e9rica em 1958 no \u00e1lbum \u201cOs sabi\u00e1s do sert\u00e3o\u201d (LPP-TA-316). A outra \u00e9 a can\u00e7\u00e3o \u201cAzul\u00e3o\u201d, de Hekel Tavares e Luiz Peixoto, cuja primeira grava\u00e7\u00e3o, na voz de Paraguassu (1930), apresentamos na edi\u00e7\u00e3o anterior do GRB. Aqui, a regrava\u00e7\u00e3o de Patr\u00edcio Teixeira, feita em 1956 para o LP de dez polegadas da Sinter \u201cFestival da velha guarda\u201d (SLP-1074), o \u00fanico registro por ele feito ap\u00f3s seu \u00faltimo 78 rpm, que saiu em 1944.\u00a0Stefana de Macedo (Recife, PE, 1903-Rio de Janeiro, 1975) tamb\u00e9m foi s\u00e9ria pesquisadora do folclore brasileiro. Ela aqui comparece com o coco \u201cRonca o bisouro na ful\u00f4\u201d, recolhido por ela mesma, em grava\u00e7\u00e3o lan\u00e7ada pela Columbia em fevereiro de 1930, disco 5147-A, matriz 380432.\u00a0Pra finalizar esta nossa edi\u00e7\u00e3o do GRB, duas composi\u00e7\u00f5es do mestre baiano Dorival Caymmi. A primeira, interpretada por ele mesmo, \u00e9 a cl\u00e1ssica can\u00e7\u00e3o praieira \u201cO mar\u201d, em registro Columbia de 7 de novembro de 1940, lan\u00e7ado em dezembro seguinte, disco 55247, matrizes 328-329, ocupando os dois lados do disco. O acompanhamento orquestral foi concebido por Guerra Peixe, conduzido com maestria por L\u00edrio Panicalli. A segunda \u00e9 uma can\u00e7\u00e3o de ninar interpretada pelo Trio de Ouro em sua primeira fase (Herivelto Martins, Dalva de Oliveira e Nilo Chagas): \u201cHist\u00f3ria pra sinhozinho\u201d, grava\u00e7\u00e3o Odeon de 15 de mar\u00e7o de 1945, lan\u00e7ada em maio seguinte com o n.o 12573-B, matriz 7779, e acompanhamento de conjunto de est\u00fadio da \u201cmarca do templo\u201d, faixa esta que encerra com chave de ouro o nosso GRB da semana. Para apreciar e sobretudo guardar!<\/p>\n<p>*TEXTO DE SAMUEL MACHADO FILHO<\/p>\n<p>**ESTA SELE\u00c7\u00c3O MUSICAL FOI EXTRA\u00cdDA DO\u00a0<a href=\"http:\/\/www.goma-laca.com\/\">SITE GOMA-LACA<\/a>, RESPONS\u00c1VEL PELA DIGITALIZA\u00c7\u00c3O DOS FONOGRAMAS.<\/p>\n","protected":false},"excerpt":{"rendered":"<p>Ap\u00f3s uma semana de aus\u00eancia, motivada pelo anivers\u00e1rio do nosso Toque Musical, estamos de volta com o Grand Record Brazil, em sua edi\u00e7\u00e3o de n\u00famero 29. O coquetel da semana tem quinze fonogramas com os mais variados int\u00e9rpretes, para enriquecer &hellip; <a href=\"https:\/\/www.toque-musicall.com\/?p=2302\">Continue lendo <span class=\"meta-nav\">&rarr;<\/span><\/a><\/p>\n","protected":false},"author":1,"featured_media":0,"comment_status":"open","ping_status":"closed","sticky":false,"template":"","format":"standard","meta":{"footnotes":""},"categories":[1503,1727,227,713,328,2006,13,2017,210,2016],"tags":[],"class_list":["post-2302","post","type-post","status-publish","format-standard","hentry","category-cascatinha-e-inhana","category-dilu-mello","category-dorival-caymmi","category-isaura-garcia","category-os-trigemeos-vocalistas","category-patricio-teixeira","category-selo-grand-record-brazil","category-stefana-macedo","category-trio-de-ouro","category-ze-da-gild"],"_links":{"self":[{"href":"https:\/\/www.toque-musicall.com\/index.php?rest_route=\/wp\/v2\/posts\/2302","targetHints":{"allow":["GET"]}}],"collection":[{"href":"https:\/\/www.toque-musicall.com\/index.php?rest_route=\/wp\/v2\/posts"}],"about":[{"href":"https:\/\/www.toque-musicall.com\/index.php?rest_route=\/wp\/v2\/types\/post"}],"author":[{"embeddable":true,"href":"https:\/\/www.toque-musicall.com\/index.php?rest_route=\/wp\/v2\/users\/1"}],"replies":[{"embeddable":true,"href":"https:\/\/www.toque-musicall.com\/index.php?rest_route=%2Fwp%2Fv2%2Fcomments&post=2302"}],"version-history":[{"count":7,"href":"https:\/\/www.toque-musicall.com\/index.php?rest_route=\/wp\/v2\/posts\/2302\/revisions"}],"predecessor-version":[{"id":2373,"href":"https:\/\/www.toque-musicall.com\/index.php?rest_route=\/wp\/v2\/posts\/2302\/revisions\/2373"}],"wp:attachment":[{"href":"https:\/\/www.toque-musicall.com\/index.php?rest_route=%2Fwp%2Fv2%2Fmedia&parent=2302"}],"wp:term":[{"taxonomy":"category","embeddable":true,"href":"https:\/\/www.toque-musicall.com\/index.php?rest_route=%2Fwp%2Fv2%2Fcategories&post=2302"},{"taxonomy":"post_tag","embeddable":true,"href":"https:\/\/www.toque-musicall.com\/index.php?rest_route=%2Fwp%2Fv2%2Ftags&post=2302"}],"curies":[{"name":"wp","href":"https:\/\/api.w.org\/{rel}","templated":true}]}}