{"id":2309,"date":"2012-08-08T02:27:30","date_gmt":"2012-08-08T02:27:30","guid":{"rendered":"http:\/\/www.toque-musicall.com\/?p=2309"},"modified":"2012-08-08T02:28:59","modified_gmt":"2012-08-08T02:28:59","slug":"carlos-de-alencar-joias-da-cancao-brasileira-196","status":"publish","type":"post","link":"https:\/\/www.toque-musicall.com\/?p=2309","title":{"rendered":"Carlos De Alencar &#8211; J\u00f3ias Da Can\u00e7\u00e3o Brasileira (1964)"},"content":{"rendered":"<p><img loading=\"lazy\" decoding=\"async\" class=\"aligncenter\" src=\"http:\/\/2.bp.blogspot.com\/-lyLKbSiw4FA\/UCGObNyVKqI\/AAAAAAAADLQ\/tHRwHop_V3s\/s400\/capap.JPG\" alt=\"\" width=\"400\" height=\"399\" \/><img loading=\"lazy\" decoding=\"async\" class=\"aligncenter\" src=\"http:\/\/3.bp.blogspot.com\/-7qDqgguNIrY\/UCGOWj-KGbI\/AAAAAAAADLI\/M510wD3mfO4\/s400\/contracapap.JPG\" alt=\"\" width=\"400\" height=\"399\" \/><\/p>\n<p>Boa noite, amigos cultos, ocultos e associados! Estou no atraso com voc\u00eas. Voltei da minha licen\u00e7a m\u00e9dica cheio de pend\u00eancias e outras provid\u00eancias. Muito trabalho para compensar o tempo parado. A cobran\u00e7a \u00e9 geral, mas eu agora estou aprendendo a relaxar. Vou na medida do poss\u00edvel. Espero que voc\u00eas tenham paci\u00eancia, ok?<\/p>\n<p>Hoje \u00e9 anivers\u00e1rio do Caetano Veloso. O baiano completou 70 anos e nem parece, n\u00e3o \u00e9 mesmo? O cara est\u00e1 envelhecendo bem. \u00c9 isso a\u00ed, salve Caetano! Parab\u00e9ns, que ele merece. Merecia talvez uma homenagem, aqui do Toque Musical, mas infelizmente n\u00e3o houve tempo. Mas fica valendo aqui o nosso abra\u00e7o ao grande artista.<\/p>\n<p>A postagem de hoje, pra compensar, \u00e9 uma preciosidade. Um disco raro que s\u00f3 se v\u00ea mesmo num blog como o TM. Tenho para voc\u00eas algumas das mais belas \u201cJ\u00f3ias da Can\u00e7\u00e3o Brasileira\u201d, interpretadas pelo tenor Carlos de Alencar. Pernambucano de Olinda, mudou-se para o Rio de Janeiro e depois Belo Horizonte, onde fixou resid\u00eancia, tornando-se na capital mineira um dos seus mais destacados cantores eruditos. Integrou o Madrigal Renascentista e o Orfe\u00e3o Mineiro. Este lp foi lan\u00e7ado de maneira independente pelo selo da \u201cEdi\u00e7\u00f5es e Produ\u00e7\u00f5es Gal\u00e1xia. Ao que tudo indica no texto da contracapa, Gal\u00e1xia tamb\u00e9m era o nome do grupo, do conjunto que acompanha aqui o cantor. O \u00e1lbum \u00e9, sem d\u00favida, muito bonito e vale conhecer. Uma sele\u00e7\u00e3o de can\u00e7\u00f5es cl\u00e1ssicas do folclore brasileiro. Raridade total!<\/p>\n<p align=\"center\">foi o boto, sinh\u00e1<\/p>\n<p align=\"center\">casinha pequenina<\/p>\n<p align=\"center\">uiarapuru<\/p>\n<p align=\"center\">maring\u00e1<\/p>\n<p align=\"center\">manh\u00e3 nungara<\/p>\n<p align=\"center\">guacira<\/p>\n<p align=\"center\">can\u00e7\u00e3o da felicidade<\/p>\n<p align=\"center\">noite cheia de estrelas<\/p>\n<p align=\"center\">tamba taj\u00e1<\/p>\n<p align=\"center\">chu\u00e1 chu\u00e1<\/p>\n<p align=\"center\">sabi\u00e1<\/p>\n<p align=\"center\">quizera<\/p>\n<p align=\"center\">cobra grande<\/p>\n<p style=\"text-align: center;\">dei ao mar pra guardar<\/p>\n","protected":false},"excerpt":{"rendered":"<p>Boa noite, amigos cultos, ocultos e associados! Estou no atraso com voc\u00eas. Voltei da minha licen\u00e7a m\u00e9dica cheio de pend\u00eancias e outras provid\u00eancias. Muito trabalho para compensar o tempo parado. A cobran\u00e7a \u00e9 geral, mas eu agora estou aprendendo a &hellip; <a href=\"https:\/\/www.toque-musicall.com\/?p=2309\">Continue lendo <span class=\"meta-nav\">&rarr;<\/span><\/a><\/p>\n","protected":false},"author":1,"featured_media":0,"comment_status":"open","ping_status":"closed","sticky":false,"template":"","format":"standard","meta":{"footnotes":""},"categories":[2019],"tags":[],"class_list":["post-2309","post","type-post","status-publish","format-standard","hentry","category-selo-galaxia"],"_links":{"self":[{"href":"https:\/\/www.toque-musicall.com\/index.php?rest_route=\/wp\/v2\/posts\/2309","targetHints":{"allow":["GET"]}}],"collection":[{"href":"https:\/\/www.toque-musicall.com\/index.php?rest_route=\/wp\/v2\/posts"}],"about":[{"href":"https:\/\/www.toque-musicall.com\/index.php?rest_route=\/wp\/v2\/types\/post"}],"author":[{"embeddable":true,"href":"https:\/\/www.toque-musicall.com\/index.php?rest_route=\/wp\/v2\/users\/1"}],"replies":[{"embeddable":true,"href":"https:\/\/www.toque-musicall.com\/index.php?rest_route=%2Fwp%2Fv2%2Fcomments&post=2309"}],"version-history":[{"count":4,"href":"https:\/\/www.toque-musicall.com\/index.php?rest_route=\/wp\/v2\/posts\/2309\/revisions"}],"predecessor-version":[{"id":2313,"href":"https:\/\/www.toque-musicall.com\/index.php?rest_route=\/wp\/v2\/posts\/2309\/revisions\/2313"}],"wp:attachment":[{"href":"https:\/\/www.toque-musicall.com\/index.php?rest_route=%2Fwp%2Fv2%2Fmedia&parent=2309"}],"wp:term":[{"taxonomy":"category","embeddable":true,"href":"https:\/\/www.toque-musicall.com\/index.php?rest_route=%2Fwp%2Fv2%2Fcategories&post=2309"},{"taxonomy":"post_tag","embeddable":true,"href":"https:\/\/www.toque-musicall.com\/index.php?rest_route=%2Fwp%2Fv2%2Ftags&post=2309"}],"curies":[{"name":"wp","href":"https:\/\/api.w.org\/{rel}","templated":true}]}}