{"id":2314,"date":"2012-08-08T22:18:32","date_gmt":"2012-08-08T22:18:32","guid":{"rendered":"http:\/\/www.toque-musicall.com\/?p=2314"},"modified":"2012-08-08T22:18:32","modified_gmt":"2012-08-08T22:18:32","slug":"mpb-4-lembrancas-do-magro-2012","status":"publish","type":"post","link":"https:\/\/www.toque-musicall.com\/?p=2314","title":{"rendered":"MPB-4 &#8211; Lembran\u00e7as Do Magro (2012)"},"content":{"rendered":"<p><img loading=\"lazy\" decoding=\"async\" class=\"aligncenter\" src=\"http:\/\/1.bp.blogspot.com\/-72cW1ZyNaZA\/UCLduVw4dBI\/AAAAAAAADL4\/I537UsAIb20\/s400\/CAPAp.JPG\" alt=\"\" width=\"400\" height=\"400\" \/><img loading=\"lazy\" decoding=\"async\" class=\"aligncenter\" src=\"http:\/\/4.bp.blogspot.com\/-JW0vhJCBsOM\/UCLdoma1WHI\/AAAAAAAADLw\/l2ZFDMmzIzc\/s400\/CONTRACAPAp.JPG\" alt=\"\" width=\"400\" height=\"400\" \/><\/p>\n<p>Boa noite, amigos cultos, ocultos e associados! Hoje, infelizmente, perdemos mais um grande artista da nossa M\u00fasica Popular Brasileira, Jos\u00e9 Waghabi Filho, o Magro do MPB-4. Ele faleceu v\u00edtima de um c\u00e2ncer de pr\u00f3stata, o qual j\u00e1 carregada h\u00e1 alguns anos.<\/p>\n<p>\u00c9 estranho como a gente nunca se acostuma com a morte. Fiquei chocado quando soube que o Magro morreu. Tive a honra de conhec\u00ea-lo atrav\u00e9s do blog. Ele era um grande incentivador do Toque Musical. Enviei v\u00e1rias vezes para o Magro discos que ele procurava para tocar em seu programa de r\u00e1dio \u201cVozes Brasileiras\u201d. Hoje posso dizer, foi ele quem me enviou o primeiro disco do MPB-4, um compacto rar\u00edssimo, lan\u00e7ado em 1964.<\/p>\n<p>Em homenagem ao maestro, arranjador e multinstrumentisa Magro Waghabi, reuni aqui vinte e uma m\u00fasicas de fases distintas de seu quarteto. N\u00e3o sei bem ao certo quais e quantas dessas m\u00fasicas tiveram os seus arranjos. O importante \u00e9 que em todos esses momentos ele esteve presente. Fica aqui a nossa sauda\u00e7\u00e3o.<\/p>\n<p align=\"center\">mudei de ideia<\/p>\n<p align=\"center\">sentinela<\/p>\n<p align=\"center\">amigo \u00e9 pra essas coisas<\/p>\n<p align=\"center\">menina da ladeira<\/p>\n<p align=\"center\">viva zap\u00e1tria<\/p>\n<p align=\"center\">benvinda<\/p>\n<p align=\"center\">tereza triste<\/p>\n<p align=\"center\">o cafona<\/p>\n<p align=\"center\">andaluzia<\/p>\n<p align=\"center\">fica<\/p>\n<p align=\"center\">ana luiza (com quarteto em cy)<\/p>\n<p align=\"center\">galope<\/p>\n<p align=\"center\">vera cruz<\/p>\n<p align=\"center\">faz tempo<\/p>\n<p align=\"center\">aparecida<\/p>\n<p align=\"center\">a lua<\/p>\n<p align=\"center\">se meu jardim der flor (com boca livre)<\/p>\n<p align=\"center\">mascarada<\/p>\n<p align=\"center\">samba da minha terra<\/p>\n<p align=\"center\">pout pourri noel rosa<\/p>\n<p style=\"text-align: center;\">roda viva (com chico buarque)<\/p>\n","protected":false},"excerpt":{"rendered":"<p>Boa noite, amigos cultos, ocultos e associados! Hoje, infelizmente, perdemos mais um grande artista da nossa M\u00fasica Popular Brasileira, Jos\u00e9 Waghabi Filho, o Magro do MPB-4. Ele faleceu v\u00edtima de um c\u00e2ncer de pr\u00f3stata, o qual j\u00e1 carregada h\u00e1 alguns &hellip; <a href=\"https:\/\/www.toque-musicall.com\/?p=2314\">Continue lendo <span class=\"meta-nav\">&rarr;<\/span><\/a><\/p>\n","protected":false},"author":1,"featured_media":0,"comment_status":"open","ping_status":"closed","sticky":false,"template":"","format":"standard","meta":{"footnotes":""},"categories":[64,11,51],"tags":[],"class_list":["post-2314","post","type-post","status-publish","format-standard","hentry","category-coletanea","category-exclusivos-do-toque-musical","category-mpb-4"],"_links":{"self":[{"href":"https:\/\/www.toque-musicall.com\/index.php?rest_route=\/wp\/v2\/posts\/2314","targetHints":{"allow":["GET"]}}],"collection":[{"href":"https:\/\/www.toque-musicall.com\/index.php?rest_route=\/wp\/v2\/posts"}],"about":[{"href":"https:\/\/www.toque-musicall.com\/index.php?rest_route=\/wp\/v2\/types\/post"}],"author":[{"embeddable":true,"href":"https:\/\/www.toque-musicall.com\/index.php?rest_route=\/wp\/v2\/users\/1"}],"replies":[{"embeddable":true,"href":"https:\/\/www.toque-musicall.com\/index.php?rest_route=%2Fwp%2Fv2%2Fcomments&post=2314"}],"version-history":[{"count":1,"href":"https:\/\/www.toque-musicall.com\/index.php?rest_route=\/wp\/v2\/posts\/2314\/revisions"}],"predecessor-version":[{"id":2315,"href":"https:\/\/www.toque-musicall.com\/index.php?rest_route=\/wp\/v2\/posts\/2314\/revisions\/2315"}],"wp:attachment":[{"href":"https:\/\/www.toque-musicall.com\/index.php?rest_route=%2Fwp%2Fv2%2Fmedia&parent=2314"}],"wp:term":[{"taxonomy":"category","embeddable":true,"href":"https:\/\/www.toque-musicall.com\/index.php?rest_route=%2Fwp%2Fv2%2Fcategories&post=2314"},{"taxonomy":"post_tag","embeddable":true,"href":"https:\/\/www.toque-musicall.com\/index.php?rest_route=%2Fwp%2Fv2%2Ftags&post=2314"}],"curies":[{"name":"wp","href":"https:\/\/api.w.org\/{rel}","templated":true}]}}