{"id":2319,"date":"2012-08-11T02:31:44","date_gmt":"2012-08-11T02:31:44","guid":{"rendered":"http:\/\/www.toque-musicall.com\/?p=2319"},"modified":"2012-08-11T02:31:44","modified_gmt":"2012-08-11T02:31:44","slug":"orquestra-tabajara-de-severino-araujo-anos-dourados-vol-3-1992","status":"publish","type":"post","link":"https:\/\/www.toque-musicall.com\/?p=2319","title":{"rendered":"Orquestra Tabajara De Severino Ara\u00fajo &#8211; Anos Dourados Vol. 3 (1992)"},"content":{"rendered":"<p><img loading=\"lazy\" decoding=\"async\" class=\"aligncenter\" src=\"http:\/\/3.bp.blogspot.com\/-RGEFT94yxHw\/UCT8n6IQmOI\/AAAAAAAADN4\/grPl7mK1vUU\/s400\/orquestra+tabajara+Fp.JPG\" alt=\"\" width=\"400\" height=\"400\" \/><img loading=\"lazy\" decoding=\"async\" class=\"aligncenter\" src=\"http:\/\/2.bp.blogspot.com\/-pKKqSkoqhTE\/UCT8jtf3E-I\/AAAAAAAADNw\/bOp-Ibvs4JI\/s400\/orquestra+tabajara+Bp.JPG\" alt=\"\" width=\"400\" height=\"395\" \/><\/p>\n<p>Boa noite! Entre os artistas falecidos recentemente, outro que n\u00e3o posso deixar de prestar uma homenagem \u00e9 o mestre Severino Ara\u00fajo, que comandou por mais de 70 anos a Orquestra Tabajara. Um feito extraordin\u00e1rio. \u00c9 talvez uma das mais antigas orquestras do mundo. E Severino esteve \u00e0 frente desta orquestra at\u00e9 poucos anos atr\u00e1s.<\/p>\n<p>Para homenage\u00e1-lo, eu estou trazendo aqui um \u00e1lbum lan\u00e7ado em 1992 pela CID, o \u201cAnos Dourados\u201d, volume 3. Ficarei devendo os volumes anteriores. Este tem um car\u00e1ter mais simb\u00f3lico, meus sentimentos ao grande artista!<\/p>\n<p>Amanh\u00e3 \u00e9 dia de feira de vinil, l\u00e1 na Savassi (Pernambuco com Inconfidentes). Vou dormir porque preciso acordar cedo. Apare\u00e7am&#8230;<\/p>\n<p>&nbsp;<\/p>\n<p align=\"center\">beguin the beguine<\/p>\n<p align=\"center\">tr\u00eas l\u00e1grimas<\/p>\n<p align=\"center\">eu e a brisa<\/p>\n<p align=\"center\">manhatan<\/p>\n<p align=\"center\">unchained melody<\/p>\n<p align=\"center\">a lenda do beijo<\/p>\n<p align=\"center\">caf\u00e9 da manh\u00e3<\/p>\n<p align=\"center\">dora<\/p>\n<p align=\"center\">el macinero<\/p>\n<p align=\"center\">la negra consentida<\/p>\n<p align=\"center\">\n","protected":false},"excerpt":{"rendered":"<p>Boa noite! Entre os artistas falecidos recentemente, outro que n\u00e3o posso deixar de prestar uma homenagem \u00e9 o mestre Severino Ara\u00fajo, que comandou por mais de 70 anos a Orquestra Tabajara. Um feito extraordin\u00e1rio. \u00c9 talvez uma das mais antigas &hellip; <a href=\"https:\/\/www.toque-musicall.com\/?p=2319\">Continue lendo <span class=\"meta-nav\">&rarr;<\/span><\/a><\/p>\n","protected":false},"author":1,"featured_media":0,"comment_status":"open","ping_status":"closed","sticky":false,"template":"","format":"standard","meta":{"footnotes":""},"categories":[345,499],"tags":[],"class_list":["post-2319","post","type-post","status-publish","format-standard","hentry","category-selo-cid","category-severino-araujo-e-orquestra-tabajara"],"_links":{"self":[{"href":"https:\/\/www.toque-musicall.com\/index.php?rest_route=\/wp\/v2\/posts\/2319","targetHints":{"allow":["GET"]}}],"collection":[{"href":"https:\/\/www.toque-musicall.com\/index.php?rest_route=\/wp\/v2\/posts"}],"about":[{"href":"https:\/\/www.toque-musicall.com\/index.php?rest_route=\/wp\/v2\/types\/post"}],"author":[{"embeddable":true,"href":"https:\/\/www.toque-musicall.com\/index.php?rest_route=\/wp\/v2\/users\/1"}],"replies":[{"embeddable":true,"href":"https:\/\/www.toque-musicall.com\/index.php?rest_route=%2Fwp%2Fv2%2Fcomments&post=2319"}],"version-history":[{"count":2,"href":"https:\/\/www.toque-musicall.com\/index.php?rest_route=\/wp\/v2\/posts\/2319\/revisions"}],"predecessor-version":[{"id":2322,"href":"https:\/\/www.toque-musicall.com\/index.php?rest_route=\/wp\/v2\/posts\/2319\/revisions\/2322"}],"wp:attachment":[{"href":"https:\/\/www.toque-musicall.com\/index.php?rest_route=%2Fwp%2Fv2%2Fmedia&parent=2319"}],"wp:term":[{"taxonomy":"category","embeddable":true,"href":"https:\/\/www.toque-musicall.com\/index.php?rest_route=%2Fwp%2Fv2%2Fcategories&post=2319"},{"taxonomy":"post_tag","embeddable":true,"href":"https:\/\/www.toque-musicall.com\/index.php?rest_route=%2Fwp%2Fv2%2Ftags&post=2319"}],"curies":[{"name":"wp","href":"https:\/\/api.w.org\/{rel}","templated":true}]}}