{"id":232,"date":"2011-11-26T15:45:00","date_gmt":"2011-11-26T15:45:00","guid":{"rendered":"http:\/\/www.toque-musicall.com\/?p=232"},"modified":"2011-11-26T15:45:00","modified_gmt":"2011-11-26T15:45:00","slug":"zaccarias-e-sua-orquestra-selecao-78-rpm-do-toque-musical-2011","status":"publish","type":"post","link":"https:\/\/www.toque-musicall.com\/?p=232","title":{"rendered":"Zaccarias E Sua Orquestra &#8211; Sele\u00e7\u00e3o 78 RPM Do Toque Musical (2011)"},"content":{"rendered":"<p><a href=\"http:\/\/4.bp.blogspot.com\/-IcTjHdKSfc4\/TtEJ6qrasTI\/AAAAAAAAAn4\/iZlKKBH1Vec\/s1600\/CAPA+p.JPG\"><img decoding=\"async\" style=\"display:block; margin:0px auto 10px; text-align:center;cursor:pointer; cursor:hand;width: 400px; height: 400px;\" src=\"http:\/\/4.bp.blogspot.com\/-IcTjHdKSfc4\/TtEJ6qrasTI\/AAAAAAAAAn4\/iZlKKBH1Vec\/s400\/CAPA+p.JPG\" border=\"0\" alt=\"\" id=\"BLOGGER_PHOTO_ID_5679331508584362290\" \/><\/a>Ol\u00e1 amigos cultos e ocultos! Hoje, s\u00e1bado, \u00e9 dia de colet\u00e2neas e tamb\u00e9m \u00e9 um dia em que eu trago novidades. Estou inaugurando a inspirada cole\u00e7\u00e3o &#8220;Grand Record Brazil&#8221;, mais uma produ\u00e7\u00e3o do Toque Musical. Gostaram do nome? Bacana, n\u00e3o \u00e9 mesmo? Trata-se de uma s\u00e9rie de discos em 78 rpm, de v\u00e1rias gravadoras, que eu agora estou recuperando. Voc\u00eas n\u00e3o fazem ideia de quanta coisa boa e rara estar por vir. Estarei relan\u00e7ando semanalmente esses discos em blocos ou separadamente, como fazia o selo Revivendo. <\/p>\n<div>Inaugurando nossa s\u00e9rie\/selo, eu trago para voc\u00eas o Maestro Zaccarias e sua Orquestra em grava\u00e7\u00f5es feitas pela RCA Victor na d\u00e9cada de 40. Acredito que essas grava\u00e7\u00f5es foram relan\u00e7adas posteriormente, na d\u00e9cada seguinte, quando o vinil de 33 rpm surgiu no mercado. O Maestro Zaccarias, tamb\u00e9m, tem diversos de seus discos publicados em blogs, <a href=\"http:\/\/toque-musical.blogspot.com\/search\/label\/Zaccarias%20e%20Sua%20Orquestra\">inclusive aqui<\/a> no TM. Mesmo assim, vale a pena ouvir os quatro discos de 78 rpm que no toque se transformaram no primeiro lan\u00e7amento da &#8216;Grand Record Brazil&#8217;. Coincidentemente, temos aqui uma faixa, &#8220;Voc\u00ea faz que n\u00e3o sabe&#8221;, interpretada pelo Francisco Carlos (olha ele a\u00ed de volta!)<\/div>\n<div>A qualidade dessas grava\u00e7\u00f5es n\u00e3o fogem muito do padr\u00e3o, s\u00e3o boas e eu ainda mantive duas vers\u00f5es de cada faixa para a escolha do fregu\u00eas. Apreciem e continuem comentando. Coment\u00e1rios s\u00e3o os melhores aditivos para fazerem o Augusto criar \ud83d\ude09<\/div>\n<div><\/div>\n<div style=\"text-align: center;\">atraente <\/div>\n<div style=\"text-align: center;\">peguei um ita no norte<\/div>\n<div style=\"text-align: center;\">enquanto descanso carrego pedras<\/div>\n<div style=\"text-align: center;\">ga\u00facho<\/div>\n<div style=\"text-align: center;\">gostosinho<\/div>\n<div style=\"text-align: center;\">voc\u00ea faz que n\u00e3o sabe<\/div>\n<div style=\"text-align: center;\">flor de laranjeira<\/div>\n<div style=\"text-align: center;\">parab\u00e9ns para voc\u00ea<\/div>\n<div style=\"text-align: center;\"><\/div>\n<div style=\"text-align: center;\"><\/div>\n","protected":false},"excerpt":{"rendered":"<p>Ol\u00e1 amigos cultos e ocultos! Hoje, s\u00e1bado, \u00e9 dia de colet\u00e2neas e tamb\u00e9m \u00e9 um dia em que eu trago novidades. Estou inaugurando a inspirada cole\u00e7\u00e3o &#8220;Grand Record Brazil&#8221;, mais uma produ\u00e7\u00e3o do Toque Musical. Gostaram do nome? Bacana, n\u00e3o &hellip; <a href=\"https:\/\/www.toque-musicall.com\/?p=232\">Continue lendo <span class=\"meta-nav\">&rarr;<\/span><\/a><\/p>\n","protected":false},"author":1,"featured_media":0,"comment_status":"open","ping_status":"closed","sticky":false,"template":"","format":"standard","meta":{"footnotes":""},"categories":[249,11,13,280],"tags":[],"class_list":["post-232","post","type-post","status-publish","format-standard","hentry","category-coletanea-toque-musical","category-exclusivos-do-toque-musical","category-selo-grand-record-brazil","category-zaccarias-e-sua-orquestra"],"_links":{"self":[{"href":"https:\/\/www.toque-musicall.com\/index.php?rest_route=\/wp\/v2\/posts\/232","targetHints":{"allow":["GET"]}}],"collection":[{"href":"https:\/\/www.toque-musicall.com\/index.php?rest_route=\/wp\/v2\/posts"}],"about":[{"href":"https:\/\/www.toque-musicall.com\/index.php?rest_route=\/wp\/v2\/types\/post"}],"author":[{"embeddable":true,"href":"https:\/\/www.toque-musicall.com\/index.php?rest_route=\/wp\/v2\/users\/1"}],"replies":[{"embeddable":true,"href":"https:\/\/www.toque-musicall.com\/index.php?rest_route=%2Fwp%2Fv2%2Fcomments&post=232"}],"version-history":[{"count":0,"href":"https:\/\/www.toque-musicall.com\/index.php?rest_route=\/wp\/v2\/posts\/232\/revisions"}],"wp:attachment":[{"href":"https:\/\/www.toque-musicall.com\/index.php?rest_route=%2Fwp%2Fv2%2Fmedia&parent=232"}],"wp:term":[{"taxonomy":"category","embeddable":true,"href":"https:\/\/www.toque-musicall.com\/index.php?rest_route=%2Fwp%2Fv2%2Fcategories&post=232"},{"taxonomy":"post_tag","embeddable":true,"href":"https:\/\/www.toque-musicall.com\/index.php?rest_route=%2Fwp%2Fv2%2Ftags&post=232"}],"curies":[{"name":"wp","href":"https:\/\/api.w.org\/{rel}","templated":true}]}}