{"id":2327,"date":"2012-08-13T22:31:20","date_gmt":"2012-08-13T22:31:20","guid":{"rendered":"http:\/\/www.toque-musicall.com\/?p=2327"},"modified":"2012-11-27T10:56:00","modified_gmt":"2012-11-27T10:56:00","slug":"varios-selecao-78-rpm-do-toque-musical-vol-30-2012","status":"publish","type":"post","link":"https:\/\/www.toque-musicall.com\/?p=2327","title":{"rendered":"V\u00e1rios &#8211; Sele\u00e7\u00e3o 78 RPM Do Toque Musical &#8211; Vol. 30 (2012)"},"content":{"rendered":"<p><img loading=\"lazy\" decoding=\"async\" class=\"aligncenter\" src=\"http:\/\/2.bp.blogspot.com\/--gqqI-ZUn5E\/UCl_PrG6AVI\/AAAAAAAADQo\/QReYL6EvPUc\/s400\/CAPAp.JPG\" alt=\"\" width=\"400\" height=\"400\" \/><img loading=\"lazy\" decoding=\"async\" class=\"aligncenter\" src=\"http:\/\/3.bp.blogspot.com\/-rA4qZlxJoGk\/UCl_KS8u1WI\/AAAAAAAADQg\/GYAqXmH-zmk\/s400\/CONTRACAPA.jpg\" alt=\"\" width=\"400\" height=\"400\" \/><\/p>\n<div class=\"separator\" style=\"outline-style: none; outline-width: initial; outline-color: initial; clear: both; text-align: left; padding: 0px; margin: 0px;\">E chegamos \u00e0 trig\u00e9sima edi\u00e7\u00e3o do meu, do seu, do nosso Grand Record Brazil! Esta semana, estamos apresentando alguns registros significativos da primeira fase do rock and roll em nosso pa\u00eds (chamada por especialistas de pr\u00e9-Jovem Guarda), e algumas m\u00fasicas em homenagem ao Dia dos Pais, j\u00e1 transcorrido este ano, mas que deve ser todos os dias.<\/div>\n<div class=\"MsoNormal\" style=\"outline-style: none; outline-width: initial; outline-color: initial; padding: 0px; margin: 0px;\"><\/div>\n<div class=\"MsoNormal\" style=\"outline-style: none; outline-width: initial; outline-color: initial; padding: 0px; margin: 0px;\">Iniciamos esta sele\u00e7\u00e3o com um desses roqueiros pioneiros: Carlos Gonzaga. Interpretando basicamente vers\u00f5es de hits internacionais, o cantor deixou sua marca na hist\u00f3ria de nosso incipiente rock and roll. Eis aqui duas destas vers\u00f5es, gravadas na RCA Victor em 9 de outubro de 1959 e lan\u00e7adas em janeiro de 60 no disco 80-2155: \u201cOh! Carol\u201d, de Neil Sedaka e Howard Greenfield, vertida para o portugu\u00eas por Fred Jorge, \u00e9 o lado A, e o verso, matriz 13-K2PB-0801, nos traz uma composi\u00e7\u00e3o de Paul Anka, vertida por Odair Marzano, \u201cRapaz solit\u00e1rio\u201d (no original, \u201cLonely boy\u201d). Ambas as grava\u00e7\u00f5es tamb\u00e9m sairiam no LP \u201cThe best seller\u201d.<\/div>\n<div class=\"MsoNormal\" style=\"outline-style: none; outline-width: initial; outline-color: initial; padding: 0px; margin: 0px;\"><span>\u00a0<\/span>O disco seguinte, o Odeon 14328, lan\u00e7ado em junho de 1958, \u00e9 um testemunho de in\u00edcio de carreira de outros dois grande s nomes roqueiros da \u00e9poca: os irm\u00e3os Tony e Celly Campello. No dia 11 de abril daquele ano, eles inciaram sua trajet\u00f3ria em disco gravando uma faixa cada um no mesmo 78! E com duas musicas de autoria do acordeonista M\u00e1rio Gennari Filho em parceria com Celeste Novaes, ambas em ingl\u00eas.e especialmente compostas.<span>\u00a0\u00a0<\/span>De um lado, Celly canta \u201cHandsome boy\u201d (Belo rapaz), matriz 12468, e do outro Tony ataca de \u201cForgive me\u201d (Perdoa-me), matriz 12467. Interessante \u00e9 que o disco saiu tamb\u00e9m em compacto simples de 45 rpm, o primeiro editado pela Odeon no Brasil! E ambas as m\u00fasicas iriam tamb\u00e9m sair, em 1959, nos primeiros \u00e1lbuns em vinil dos irm\u00e3os, \u201cForgive me\u201d no de Tony Campello, sem t\u00edtulo, e \u201cHandsome boy\u201d no de Celly (\u201cEst\u00fapido Cupido\u201d, que trouxe no selo o t\u00edtulo \u201cCome rock with me\u201d!). O acompanhamento \u00e9 do conjunto do pr\u00f3prio M\u00e1rio Gennari Filho, com coro formado pelos Titulares do Ritmo. Ser\u00e1 imposs\u00edvel n\u00e3o se divertir&#8230;<\/div>\n<div class=\"MsoNormal\" style=\"outline-style: none; outline-width: initial; outline-color: initial; padding: 0px; margin: 0px;\">Em seguida voltaremos bem mais no tempo, mais exatamente a 1954. \u00c9 exatamente desse ano o disco Copacabana 5286, com Betinho e seu Conjunto. Betinho, ali\u00e1s, Alberto Borges de Barros, era filho de Josu\u00e9 de Barros, descobridor de C\u00e1rmen Miranda, e, ainda adolescente, acompanhou a cantora ao viol\u00e3o muitas vezes. J\u00e1 nos anos 1950, formou um conjunto que logo se tornou o mais solicitado para animar os bailes ent\u00e3o \u201cmodernos\u201d. No lado A, matriz M-866, o conhecid\u00edssimo fox \u201cNeurast\u00eanico\u201d, parceria dele com Nazareno de Brito, sucesso inesquec\u00edvel que seria revivido, em 1976, na novela \u201cEst\u00fapido Cupido\u201d, escrita por M\u00e1rio Prata para a TV Globo, como tema do velho Guimar\u00e3es, personagem interpretado pelo ator Oswaldo Louzada, que gravava as vozes dos mortos&#8230; No lado B, matriz M-867, o mambo \u201cBurrinho leiteiro\u201d, s\u00f3 do Betinho. Ambas as m\u00fasicas, claro, chegariam ao LP, naquele tempo de dez polegadas, um ano depois. Betinho chegou a ser considerado \u201co rei da noite\u201d, mas abandonou tudo para cumprir miss\u00e3o evangelizadora.<\/div>\n<div class=\"MsoNormal\" style=\"outline-style: none; outline-width: initial; outline-color: initial; padding: 0px; margin: 0px;\">O \u201cClube do Guri\u201d foi um programa radiof\u00f4nico que marcou \u00e9poca nos anos 1950, apresentado nas manh\u00e3s de domingo pelas emissoras do grupo Di\u00e1rios Associados, ent\u00e3o o maior conglomerado de m\u00eddia do pa\u00eds (a edi\u00e7\u00e3o portoalegrense do programa, na R\u00e1dio Farroupilha, revelou nada mais nada menos que Elis Regina). No Rio de Janeiro, era apresentado pela R\u00e1dio Tamoio, outra emissora Associada. Pois o<span>\u00a0\u00a0<\/span>coral infantil do programa aqui est\u00e1 com o disco Odeon 14485, gravado em 17 de junho de 1959 e lan\u00e7ado em julho seguinte, com duas m\u00fasicas de Silvino Neto, compositor e humorista, homenageando o Dia dos Pais: o samba \u201cPapai \u00e9 o maior\u201d, matriz 13590, e a can\u00e7\u00e3o \u201cParab\u00e9ns pro papai\u201d, matriz 13591.<\/div>\n<div class=\"MsoNormal\" style=\"outline-style: none; outline-width: initial; outline-color: initial; padding: 0px; margin: 0px;\">O carioca Pel\u00f3pidas Brand\u00e3o Guimar\u00e3es Gracindo ganhou a imortalidade com o pseud\u00f4nimo de Paulo Gracindo (1911-1995). Foi apresentador e ator de r\u00e1dio e televis\u00e3o dos mais conceituados, e, nas novelas da TV Globo, interpretou personagens inesquec\u00edveis, como o Tuc\u00e3o de \u201cBandeira 2\u201d, o Odorico Paragua\u00e7u de \u201cO bem-amado\u201d (depois seriado), o Jo\u00e3o Maciel de \u201cO casar\u00e3o\u201d e o coronel Ramiro Bastos na primeira vers\u00e3o de \u201cGabriela\u201d. Marcou \u00e9poca igualmente como o Primo Rico do humor\u00edstico \u201cBalan\u00e7a, mas n\u00e3o cai\u201d, na lend\u00e1ria R\u00e1dio Nacional (mais tarde tamb\u00e9m apresentado na TV pela Globo), contracenando com o Primo Pobre, Brand\u00e3o Filho. Gracindo aqui comparece em outra homenagem ao Dia dos Pais, declamando um poema de mesmo nome, assinado por seu colega na Nacional, Giuseppe Ghiaroni, lan\u00e7ado pela Sinter em abril de 1956 com o n\u00famero 464-B, matriz S-1035.<\/div>\n<div class=\"MsoNormal\" style=\"outline-style: none; outline-width: initial; outline-color: initial; padding: 0px; margin: 0px;\">Angela Maria e Jo\u00e3o Dias, que j\u00e1 haviam feito sucesso estrondoso gravando em dueto a valsa \u201cMam\u00e3e\u201d, de Herivelto Martins e David Nasser, em 1956, registrariam em 57 outra valsa dos mesmos autores, agora homenageando os pais, nada mais justo. Trata-se de \u201cDeus te aben\u00e7oe, papai\u201d, matriz M-1986, lan\u00e7ada no disco 20038-A, dentro de uma s\u00e9rie considerada \u201cinternacional\u201d, ou seja, de exporta\u00e7\u00e3o.<\/div>\n<div class=\"MsoNormal\" style=\"outline-style: none; outline-width: initial; outline-color: initial; padding: 0px; margin: 0px;\">Por fim, apresentamos uma das \u201ccantorinhas\u201d reveladas na edi\u00e7\u00e3o carioca do \u201cClube do Guri\u201d, da R\u00e1dio Tamoio. Trata-se de Za\u00edra Cruz, que homenageia, curiosamente, os av\u00f3s, nesta valsa de Arc\u00eanio de Carvalho e Lourival Faissal, intitulada justamente \u201cDia dos nossos av\u00f3s\u201d, grava\u00e7\u00e3o RCA Victor de 15 de mar\u00e7o de 1956, lan\u00e7ada em maio seguinte, disco 80-1600-A, matriz BE6VB-1021 (lembrando que o Dia dos Av\u00f3s \u00e9 festejado a 26 de julho, dia de Santa Ana e S\u00e3o Joaquim, pais de Maria Sant\u00edssima e, por tabela, av\u00f3s de Jesus). \u00c9 esta faixa que encerra o nosso trig\u00e9simo GRB, que certamente proporcionar\u00e1 momentos proveitosos de entretenimento. Quem lembra, vai adorar recordar, e quem nunca ouviu poder\u00e1 conhecer. Bom divertimento!<\/div>\n<div class=\"MsoNormal\" style=\"outline-style: none; outline-width: initial; outline-color: initial; padding: 0px; margin: 0px;\"><\/div>\n<div class=\"MsoNormal\" style=\"outline-style: none; outline-width: initial; outline-color: initial; padding: 0px; margin: 0px;\"><span style=\"font-size: 8pt;\">TEXTO DE SAMUEL MACHADO FILHO<\/span><\/div>\n","protected":false},"excerpt":{"rendered":"<p>E chegamos \u00e0 trig\u00e9sima edi\u00e7\u00e3o do meu, do seu, do nosso Grand Record Brazil! Esta semana, estamos apresentando alguns registros significativos da primeira fase do rock and roll em nosso pa\u00eds (chamada por especialistas de pr\u00e9-Jovem Guarda), e algumas m\u00fasicas &hellip; <a href=\"https:\/\/www.toque-musicall.com\/?p=2327\">Continue lendo <span class=\"meta-nav\">&rarr;<\/span><\/a><\/p>\n","protected":false},"author":1,"featured_media":0,"comment_status":"open","ping_status":"closed","sticky":false,"template":"","format":"standard","meta":{"footnotes":""},"categories":[1224,539,609,1919,869,13,1917],"tags":[],"class_list":["post-2327","post","type-post","status-publish","format-standard","hentry","category-betinho","category-betinho-o-rei-da-noite","category-carlos-gonzaga","category-celly-campello","category-paulo-gracindo","category-selo-grand-record-brazil","category-tony-campello"],"_links":{"self":[{"href":"https:\/\/www.toque-musicall.com\/index.php?rest_route=\/wp\/v2\/posts\/2327","targetHints":{"allow":["GET"]}}],"collection":[{"href":"https:\/\/www.toque-musicall.com\/index.php?rest_route=\/wp\/v2\/posts"}],"about":[{"href":"https:\/\/www.toque-musicall.com\/index.php?rest_route=\/wp\/v2\/types\/post"}],"author":[{"embeddable":true,"href":"https:\/\/www.toque-musicall.com\/index.php?rest_route=\/wp\/v2\/users\/1"}],"replies":[{"embeddable":true,"href":"https:\/\/www.toque-musicall.com\/index.php?rest_route=%2Fwp%2Fv2%2Fcomments&post=2327"}],"version-history":[{"count":5,"href":"https:\/\/www.toque-musicall.com\/index.php?rest_route=\/wp\/v2\/posts\/2327\/revisions"}],"predecessor-version":[{"id":2726,"href":"https:\/\/www.toque-musicall.com\/index.php?rest_route=\/wp\/v2\/posts\/2327\/revisions\/2726"}],"wp:attachment":[{"href":"https:\/\/www.toque-musicall.com\/index.php?rest_route=%2Fwp%2Fv2%2Fmedia&parent=2327"}],"wp:term":[{"taxonomy":"category","embeddable":true,"href":"https:\/\/www.toque-musicall.com\/index.php?rest_route=%2Fwp%2Fv2%2Fcategories&post=2327"},{"taxonomy":"post_tag","embeddable":true,"href":"https:\/\/www.toque-musicall.com\/index.php?rest_route=%2Fwp%2Fv2%2Ftags&post=2327"}],"curies":[{"name":"wp","href":"https:\/\/api.w.org\/{rel}","templated":true}]}}