{"id":233,"date":"2011-11-25T10:01:00","date_gmt":"2011-11-25T10:01:00","guid":{"rendered":"http:\/\/www.toque-musicall.com\/?p=233"},"modified":"2011-11-25T10:01:00","modified_gmt":"2011-11-25T10:01:00","slug":"francisco-carlos-1959","status":"publish","type":"post","link":"https:\/\/www.toque-musicall.com\/?p=233","title":{"rendered":"Francisco Carlos (1959)"},"content":{"rendered":"<p><span><a href=\"http:\/\/2.bp.blogspot.com\/-Ag7oCnlHBhU\/Ts9nse1XwbI\/AAAAAAAAAns\/eqZaHVq91GE\/s1600\/chico+P.JPG\"><img decoding=\"async\" style=\"display:block; margin:0px auto 10px; text-align:center;cursor:pointer; cursor:hand;width: 400px; height: 398px;\" src=\"http:\/\/2.bp.blogspot.com\/-Ag7oCnlHBhU\/Ts9nse1XwbI\/AAAAAAAAAns\/eqZaHVq91GE\/s400\/chico+P.JPG\" border=\"0\" alt=\"\" id=\"BLOGGER_PHOTO_ID_5678871669026308530\" \/><\/a>Bom dia, amigos cultos e ocultos! Nesta semana, sem querer, eu troquei os dias. Postei ontem o que seria para hoje. Assim sendo, o que era para ontem eu posto hoje. Antes, por\u00e9m, quero deixar aqui um recado. Depois de algumas confus\u00f5es no nosso GTM, com <\/span> a invas\u00e3o de oportunistas e <span>a sa\u00edda de alguns membros insatisfeitos, resolvi dar uma geral na situa\u00e7\u00e3o. Fiz uma nova configura\u00e7\u00e3o para o Grupo, o que, com certeza, eliminar\u00e1 todos os problemas. Agora, para fazer parte desse seleto grupo vai ter que solicitar. As portas n\u00e3o est\u00e3o mais t\u00e3o abertas e o controle ficou mais apurado. Aqueles que n\u00e3o conseguiram sair do Grupo por conta pr\u00f3pria e fizeram a solicita\u00e7\u00e3o, eu mesmo os retirei. Se quiserem voltar a tr\u00e1s, agora, s\u00f3 com outro e-mail. Para os que continuam, maravilha! S\u00f3 quero mesmo gente fina, que tenha o que falar e acrescentar ao Grupo. Gente de bom senso, que entende qual \u00e9 a do Toque Musical. Neste grupo circula assuntos (discos e m\u00fasicas) que aqui no blog n\u00e3o s\u00e3o vi\u00e1veis. Podemos chamar o GTM tamb\u00e9m de &#8216;o lado B&#8217; do Toque Musical \ud83d\ude09<\/span><\/p>\n<div>Seguindo em frente, vamos hoje, ent\u00e3o, com este disco do Francisco Carlos. J\u00e1 postei aqui um <a href=\"http:\/\/toque-musical.blogspot.com\/search\/label\/Francisco%20Carlos\">outro disco dele<\/a> no qual eu comentava a surpresa de at\u00e9 hoje ningu\u00e9m mencionar ou pedir algo sobre o cantor. Fiquei surpreso tamb\u00e9m ao constatar que na postagem do disco anterior n\u00e3o houve coment\u00e1rios. Ser\u00e1 que a turma por aqui tem algum dissabor pelo artista? Curioso&#8230; Por essas e por outras \u00e9 que eu estou novamente aplicando os amigos com mais um Francisco Carlos.<\/div>\n<div><span>Neste \u00e1lbum, lan\u00e7ado em 1959, teremos a chance de ouvir um repert\u00f3rio com algumas m\u00fasicas bem interessantes. Eu destacaria &#8220;O que me prende a voc\u00ea&#8221;, de Alcyr Pires Vermelho e Luiz Peixoto e a &#8220;Flor amorosa&#8221;, de Joaquim Antonio Calado e Catulo da Paix\u00e3o Cearense. Outro curiosidade que me chamou a aten\u00e7\u00e3o foi a capa. N\u00e3o exatamente a sua composi\u00e7\u00e3o, mas a fotografia do nosso artista. Aqui ele aparece como um gal\u00e3 do cinema. A fotografia tem algo de incomum, diferente na \u00f3tica e isso me chamou a aten\u00e7\u00e3o. Na contracapa constatei a raz\u00e3o. A imagem que temos do artista \u00e9 do Luiz Carlos Barreto (provavelmente capturada numa Leica). N\u00e3o precisa dizer mais nada&#8230;<\/span><\/div>\n<div><span><br \/><\/span><\/div>\n<div style=\"text-align: center;\"><span>dif\u00edcil \u00e9 amar<\/span><\/div>\n<div style=\"text-align: center;\"><span>o que me prende a voc\u00ea?<\/span><\/div>\n<div style=\"text-align: center;\"><span>tenderly<\/span><\/div>\n<div style=\"text-align: center;\"><span>madrugada<\/span><\/div>\n<div style=\"text-align: center;\"><span>serenata<\/span><\/div>\n<div style=\"text-align: center;\"><span>ego\u00edsta<\/span><\/div>\n<div style=\"text-align: center;\"><span>sinal da cruz<\/span><\/div>\n<div style=\"text-align: center;\"><span>funcion\u00e1ria<\/span><\/div>\n<div style=\"text-align: center;\"><span>\u00faltima ta\u00e7a<\/span><\/div>\n<div style=\"text-align: center;\"><span>flor amorosa<\/span><\/div>\n<div style=\"text-align: center;\"><span>eu tive que te beijar<\/span><\/div>\n<div style=\"text-align: center;\"><span>ladeira do amor<\/span><\/div>\n<div style=\"text-align: center;\"><span><br \/><\/span><\/div>\n<div style=\"text-align: center;\"><span><br \/><\/span><\/div>\n","protected":false},"excerpt":{"rendered":"<p>Bom dia, amigos cultos e ocultos! Nesta semana, sem querer, eu troquei os dias. Postei ontem o que seria para hoje. Assim sendo, o que era para ontem eu posto hoje. Antes, por\u00e9m, quero deixar aqui um recado. Depois de &hellip; <a href=\"https:\/\/www.toque-musicall.com\/?p=233\">Continue lendo <span class=\"meta-nav\">&rarr;<\/span><\/a><\/p>\n","protected":false},"author":1,"featured_media":0,"comment_status":"open","ping_status":"closed","sticky":false,"template":"","format":"standard","meta":{"footnotes":""},"categories":[216,70],"tags":[],"class_list":["post-233","post","type-post","status-publish","format-standard","hentry","category-francisco-carlos","category-selo-rca-victor"],"_links":{"self":[{"href":"https:\/\/www.toque-musicall.com\/index.php?rest_route=\/wp\/v2\/posts\/233","targetHints":{"allow":["GET"]}}],"collection":[{"href":"https:\/\/www.toque-musicall.com\/index.php?rest_route=\/wp\/v2\/posts"}],"about":[{"href":"https:\/\/www.toque-musicall.com\/index.php?rest_route=\/wp\/v2\/types\/post"}],"author":[{"embeddable":true,"href":"https:\/\/www.toque-musicall.com\/index.php?rest_route=\/wp\/v2\/users\/1"}],"replies":[{"embeddable":true,"href":"https:\/\/www.toque-musicall.com\/index.php?rest_route=%2Fwp%2Fv2%2Fcomments&post=233"}],"version-history":[{"count":0,"href":"https:\/\/www.toque-musicall.com\/index.php?rest_route=\/wp\/v2\/posts\/233\/revisions"}],"wp:attachment":[{"href":"https:\/\/www.toque-musicall.com\/index.php?rest_route=%2Fwp%2Fv2%2Fmedia&parent=233"}],"wp:term":[{"taxonomy":"category","embeddable":true,"href":"https:\/\/www.toque-musicall.com\/index.php?rest_route=%2Fwp%2Fv2%2Fcategories&post=233"},{"taxonomy":"post_tag","embeddable":true,"href":"https:\/\/www.toque-musicall.com\/index.php?rest_route=%2Fwp%2Fv2%2Ftags&post=233"}],"curies":[{"name":"wp","href":"https:\/\/api.w.org\/{rel}","templated":true}]}}