{"id":2337,"date":"2012-08-15T17:17:11","date_gmt":"2012-08-15T17:17:11","guid":{"rendered":"http:\/\/www.toque-musicall.com\/?p=2337"},"modified":"2012-08-15T17:17:11","modified_gmt":"2012-08-15T17:17:11","slug":"altamiro-carrilho-e-sua-bandinha-vai-de-valsa-1970","status":"publish","type":"post","link":"https:\/\/www.toque-musicall.com\/?p=2337","title":{"rendered":"Altamiro Carrilho E Sua Bandinha &#8211; Vai De Valsa (1970)"},"content":{"rendered":"<p><img loading=\"lazy\" decoding=\"async\" class=\"aligncenter\" src=\"http:\/\/4.bp.blogspot.com\/-g6rM_-EyC44\/UCvILgB9uMI\/AAAAAAAADTA\/BVqfztW0ZOU\/s400\/capap.JPG\" alt=\"\" width=\"400\" height=\"400\" \/><img loading=\"lazy\" decoding=\"async\" class=\"aligncenter\" src=\"http:\/\/2.bp.blogspot.com\/-oYBJEswsfuQ\/UCvIDiXWNPI\/AAAAAAAADS4\/zYz0_QkDWVU\/s400\/contracapa+p.JPG\" alt=\"\" width=\"400\" height=\"394\" \/><\/p>\n<p>Boa tarde, amigos cultos, ocultos e associados! Vejam voc\u00eas, neste m\u00eas de agosto \u2018o ceifador\u2019 tem mesmo se mostrado implac\u00e1vel com nossos m\u00fasicos artistas. Todo dia morre um, \u00eata m\u00easinho agourento, putz! Desta vez, l\u00e1 se foi o Altamiro Carrilho, grande flautista da m\u00fasica brasileira. Estamos vivendo um momento, uma \u00e9poca, onde inevitavelmente, as gera\u00e7\u00f5es de ouro da m\u00fasica brasileira est\u00e3o se findando. Vamos aos poucos perdendo nossos verdadeiros artistas, gente que se tornou grande pelo trabalho, talento e compet\u00eancia. Nomes que foram se formando num processo de amadurecimento gradual, sem ajuda de My Space, Facebook e outras ferramentas de sucesso instant\u00e2neo, hoje t\u00e3o comuns. Mesmo o med\u00edocre dessas gera\u00e7\u00f5es ainda d\u00e1 de dez em seu similar atual o que, ali\u00e1s, no meu entendimento nem se compara, est\u00e1 at\u00e9 a baixo da m\u00e9dia. O que estamos vendo agora \u00e9 o final da festa. Nossos ilustres convidados j\u00e1 est\u00e3o partindo.<\/p>\n<p>Em homenagem ao Altamiro, deixo aqui este seu disco de valsas, lan\u00e7ado em 1970. Me parece, salvo o engano, que a sele\u00e7\u00e3o re\u00fane grava\u00e7\u00f5es de 78 rpm, da d\u00e9cada de 50. Sem d\u00favida, um m\u00fasico como o velho Altamiro Carrilho vai fazer falta. Mas ficar\u00e1 para sempre em nossa mem\u00f3ria musical.<\/p>\n<p>Obrigado, senhor flautista! Voc\u00ea brilhou aqui, agora vai brilhar no c\u00e9u.<\/p>\n<p align=\"center\">saudade de ouro preto<\/p>\n<p align=\"center\">tarde de Lind\u00f3ia<\/p>\n<p align=\"center\">terna saudade (por um beijo)<\/p>\n<p align=\"center\">suely<\/p>\n<p align=\"center\">teus ci\u00fames<\/p>\n<p align=\"center\">ledinha<\/p>\n<p align=\"center\">no tempo do on\u00e7a<\/p>\n<p align=\"center\">vieni sul mar<\/p>\n<p align=\"center\">morrer&#8230; sem ter amado<\/p>\n<p align=\"center\">raio de sol<\/p>\n<p align=\"center\">s\u00f3 pelo amor vale a vida<\/p>\n<p align=\"center\">valsa da meia noite<\/p>\n<p>&nbsp;<\/p>\n<p>&nbsp;<\/p>\n","protected":false},"excerpt":{"rendered":"<p>Boa tarde, amigos cultos, ocultos e associados! Vejam voc\u00eas, neste m\u00eas de agosto \u2018o ceifador\u2019 tem mesmo se mostrado implac\u00e1vel com nossos m\u00fasicos artistas. Todo dia morre um, \u00eata m\u00easinho agourento, putz! Desta vez, l\u00e1 se foi o Altamiro Carrilho, &hellip; <a href=\"https:\/\/www.toque-musicall.com\/?p=2337\">Continue lendo <span class=\"meta-nav\">&rarr;<\/span><\/a><\/p>\n","protected":false},"author":1,"featured_media":0,"comment_status":"open","ping_status":"closed","sticky":false,"template":"","format":"standard","meta":{"footnotes":""},"categories":[213,152],"tags":[],"class_list":["post-2337","post","type-post","status-publish","format-standard","hentry","category-altamiro-carrilho","category-selo-copacabana"],"_links":{"self":[{"href":"https:\/\/www.toque-musicall.com\/index.php?rest_route=\/wp\/v2\/posts\/2337","targetHints":{"allow":["GET"]}}],"collection":[{"href":"https:\/\/www.toque-musicall.com\/index.php?rest_route=\/wp\/v2\/posts"}],"about":[{"href":"https:\/\/www.toque-musicall.com\/index.php?rest_route=\/wp\/v2\/types\/post"}],"author":[{"embeddable":true,"href":"https:\/\/www.toque-musicall.com\/index.php?rest_route=\/wp\/v2\/users\/1"}],"replies":[{"embeddable":true,"href":"https:\/\/www.toque-musicall.com\/index.php?rest_route=%2Fwp%2Fv2%2Fcomments&post=2337"}],"version-history":[{"count":1,"href":"https:\/\/www.toque-musicall.com\/index.php?rest_route=\/wp\/v2\/posts\/2337\/revisions"}],"predecessor-version":[{"id":2338,"href":"https:\/\/www.toque-musicall.com\/index.php?rest_route=\/wp\/v2\/posts\/2337\/revisions\/2338"}],"wp:attachment":[{"href":"https:\/\/www.toque-musicall.com\/index.php?rest_route=%2Fwp%2Fv2%2Fmedia&parent=2337"}],"wp:term":[{"taxonomy":"category","embeddable":true,"href":"https:\/\/www.toque-musicall.com\/index.php?rest_route=%2Fwp%2Fv2%2Fcategories&post=2337"},{"taxonomy":"post_tag","embeddable":true,"href":"https:\/\/www.toque-musicall.com\/index.php?rest_route=%2Fwp%2Fv2%2Ftags&post=2337"}],"curies":[{"name":"wp","href":"https:\/\/api.w.org\/{rel}","templated":true}]}}