{"id":2339,"date":"2012-08-17T01:32:55","date_gmt":"2012-08-17T01:32:55","guid":{"rendered":"http:\/\/www.toque-musicall.com\/?p=2339"},"modified":"2012-08-17T01:32:55","modified_gmt":"2012-08-17T01:32:55","slug":"elcio-alvarez-sua-orquestra-e-coro-marcha-rancho-em-4-pistas-1967","status":"publish","type":"post","link":"https:\/\/www.toque-musicall.com\/?p=2339","title":{"rendered":"Elcio Alvarez, Sua Orquestra E C\u00f4ro &#8211; Marcha Rancho Em 4 Pistas (1967)"},"content":{"rendered":"<p><img loading=\"lazy\" decoding=\"async\" class=\"aligncenter\" src=\"http:\/\/2.bp.blogspot.com\/-YnktAox6PMI\/UC2T_DN4F1I\/AAAAAAAADTs\/BqNGagia_7I\/s400\/capap.JPG\" alt=\"\" width=\"399\" height=\"400\" \/><img loading=\"lazy\" decoding=\"async\" class=\"aligncenter\" src=\"http:\/\/3.bp.blogspot.com\/-Z1ZFEjoTnNw\/UC2Trl2MQRI\/AAAAAAAADTk\/BywByG3xjeo\/s400\/contracapap.JPG\" alt=\"\" width=\"400\" height=\"398\" \/><\/p>\n<p>Boa noite a todos! Seguimos na quinta feira com outro disco bem interessante, a come\u00e7ar pela capa. (Quem l\u00ea assim h\u00e1 de pensar que n\u00e3o temos discos interessantes todos os dias. Acontece que cada um tem a sua peculiaridade, hist\u00f3ria ou momento) Temos aqui o maestro Elcio Alvarez e sua orquestra num \u00e1lbum gravado em quatro pista, ou quatro canais. As vantagens desse sistema pode ser conferido no texto da contracapa, que procura abordar todas as qualidades da grava\u00e7\u00e3o, explicadas pelo engenheiro de som Carlos Moura. Bem ao lado vem outro texto onde nos \u00e9 apresentado, Rog\u00e9rio Gauss, um t\u00e9cnico de grava\u00e7\u00e3o da Continental, respons\u00e1vel, obviamente pelo registro deste disco. \u00c9 ele tamb\u00e9m o rapaz da capa, que aparece aqui envolvido nos trabalhos na mesa. Bom, mas a\u00ed a gente pergunta: cad\u00ea o Elcio Alvarez e sua orquestra? A resposta \u00e9 uma s\u00f3, eles est\u00e3o apenas na grava\u00e7\u00e3o. Embora seja um bel\u00edssimo trabalho musical, com um repert\u00f3rio fino de marchas rancho, o que est\u00e1 sendo valorizado aqui \u00e9 o trabalho do t\u00e9cnico. Uma homenagem da Continental a aqueles como Rog\u00e9rio Gauss, t\u00e9cnicos de grava\u00e7\u00e3o, que ajudaram a criar os milhares de fonogramas de \u00e1lbuns cl\u00e1ssicos da nossa m\u00fasica popular.<\/p>\n<p align=\"center\">cantiga antiga<\/p>\n<p align=\"center\">belinha<\/p>\n<p align=\"center\">o vagalume<\/p>\n<p align=\"center\">ci\u00fame<\/p>\n<p align=\"center\">se voc\u00ea voltar<\/p>\n<p align=\"center\">drama de pierrot<\/p>\n<p align=\"center\">minha gente<\/p>\n<p align=\"center\">dad\u00e1 maria<\/p>\n<p align=\"center\">&#8230; e fim<\/p>\n<p align=\"center\">balada do vietnan<\/p>\n<p align=\"center\">recado<\/p>\n<p align=\"center\">palha\u00e7o<\/p>\n<p>&nbsp;<\/p>\n","protected":false},"excerpt":{"rendered":"<p>Boa noite a todos! Seguimos na quinta feira com outro disco bem interessante, a come\u00e7ar pela capa. (Quem l\u00ea assim h\u00e1 de pensar que n\u00e3o temos discos interessantes todos os dias. Acontece que cada um tem a sua peculiaridade, hist\u00f3ria &hellip; <a href=\"https:\/\/www.toque-musicall.com\/?p=2339\">Continue lendo <span class=\"meta-nav\">&rarr;<\/span><\/a><\/p>\n","protected":false},"author":1,"featured_media":0,"comment_status":"open","ping_status":"closed","sticky":false,"template":"","format":"standard","meta":{"footnotes":""},"categories":[664,40],"tags":[],"class_list":["post-2339","post","type-post","status-publish","format-standard","hentry","category-elcio-alvarez","category-selo-continental"],"_links":{"self":[{"href":"https:\/\/www.toque-musicall.com\/index.php?rest_route=\/wp\/v2\/posts\/2339","targetHints":{"allow":["GET"]}}],"collection":[{"href":"https:\/\/www.toque-musicall.com\/index.php?rest_route=\/wp\/v2\/posts"}],"about":[{"href":"https:\/\/www.toque-musicall.com\/index.php?rest_route=\/wp\/v2\/types\/post"}],"author":[{"embeddable":true,"href":"https:\/\/www.toque-musicall.com\/index.php?rest_route=\/wp\/v2\/users\/1"}],"replies":[{"embeddable":true,"href":"https:\/\/www.toque-musicall.com\/index.php?rest_route=%2Fwp%2Fv2%2Fcomments&post=2339"}],"version-history":[{"count":2,"href":"https:\/\/www.toque-musicall.com\/index.php?rest_route=\/wp\/v2\/posts\/2339\/revisions"}],"predecessor-version":[{"id":2341,"href":"https:\/\/www.toque-musicall.com\/index.php?rest_route=\/wp\/v2\/posts\/2339\/revisions\/2341"}],"wp:attachment":[{"href":"https:\/\/www.toque-musicall.com\/index.php?rest_route=%2Fwp%2Fv2%2Fmedia&parent=2339"}],"wp:term":[{"taxonomy":"category","embeddable":true,"href":"https:\/\/www.toque-musicall.com\/index.php?rest_route=%2Fwp%2Fv2%2Fcategories&post=2339"},{"taxonomy":"post_tag","embeddable":true,"href":"https:\/\/www.toque-musicall.com\/index.php?rest_route=%2Fwp%2Fv2%2Ftags&post=2339"}],"curies":[{"name":"wp","href":"https:\/\/api.w.org\/{rel}","templated":true}]}}