{"id":234,"date":"2011-11-24T22:33:00","date_gmt":"2011-11-24T22:33:00","guid":{"rendered":"http:\/\/www.toque-musicall.com\/?p=234"},"modified":"2011-11-24T22:33:00","modified_gmt":"2011-11-24T22:33:00","slug":"vii-fampop-1989","status":"publish","type":"post","link":"https:\/\/www.toque-musicall.com\/?p=234","title":{"rendered":"VII FAMPOP (1989)"},"content":{"rendered":"<p><a href=\"http:\/\/1.bp.blogspot.com\/-9HqO2jnujqc\/Ts7aLmXGoKI\/AAAAAAAAAng\/Yq2sbOywIvM\/s1600\/folder.jpg\"><img decoding=\"async\" style=\"display:block; margin:0px auto 10px; text-align:center;cursor:pointer; cursor:hand;width: 398px; height: 400px;\" src=\"http:\/\/1.bp.blogspot.com\/-9HqO2jnujqc\/Ts7aLmXGoKI\/AAAAAAAAAng\/Yq2sbOywIvM\/s400\/folder.jpg\" border=\"0\" alt=\"\" id=\"BLOGGER_PHOTO_ID_5678716072971640994\" \/><\/a>Boa noite, amigos cultos e ocultos! Para variar, eu hoje, ainda agororinha, fiz uma baita confus\u00e3o. N\u00e3o sei bem porque motivo, achei que fosse sexta feira. Como eu ainda n\u00e3o havia preparado nada para o dia dos independentes, achei de postar este disco, que entrou agora a pouco na minha gaveta. Este, por certo, n\u00e3o ficaria mesmo na reserva esperando oportunidades. O que temos aqui \u00e9 a s\u00e9tima edi\u00e7\u00e3o da Feira Avareense da M\u00fasica Popular, um dos mais importante festivais de m\u00fasica do Estado de S\u00e3o Paulo. Acontecia anualmente na cidade de Avar\u00e9, n\u00e3o sei se ainda mant\u00e9m a tradi\u00e7\u00e3o.<\/p>\n<div>Reproduzindo o texto do encarte, &#8220;este disco traz o registro das doze composi\u00e7\u00f5es que alcan\u00e7aram a final do festival. Gravado ao vivo, e obviamente com as imperfei\u00e7\u00f5es naturais deste tipo de reprodu\u00e7\u00e3o, mesmo assim demonstra que muitas coisas boas (can\u00e7\u00f5es e int\u00e9rpretes) se escondem \u00e0 margem da m\u00eddia institucionalizada, perdidos entre centenas de festivais por este Brasil imenso&#8230;&#8221; <\/div>\n<div>Temos assim, um disco de festival, no qual participaram nomes importantes da nossa m\u00fasica. Nesta edi\u00e7\u00e3o, quem papou  o primeiro lugar (merecidamente) foi o ent\u00e3o desconhecido Lenine, com a bel\u00edssima &#8220;Samba do Quilombo&#8221;. O segundo lugar ficou para a m\u00fasica &#8220;Luzes&#8221;, do mineiro Gladston Galizza. J\u00e1 o terceiro foi para &#8220;Ora\u00e7\u00e3o ao mar&#8221;, dos paulistas S\u00e9rgio Augusto, Eudes Fraga e Murilo Fonseca. As premia\u00e7\u00f5es foram at\u00e9 o quinto lugar, al\u00e9m de pr\u00eamios para melhor int\u00e9rprete, arranjo, letra, instrumentista, m\u00fasica instrumental, aclama\u00e7\u00e3o popular e pr\u00eamio especial. Em resumo, todos sa\u00edram ganhando. Bom, pelo menos essa turma dos selecionados. Um belo disco, que vale a pena ouvir \ud83d\ude09<\/div>\n<div><\/div>\n<div style=\"text-align: center;\">samba do quilombo &#8211; lenine<\/div>\n<div style=\"text-align: center;\">ora\u00e7\u00e3o ao mar &#8211; sergio augusto, eudes fraga, murilo fonseca<\/div>\n<div style=\"text-align: center;\">quem foi &#8211; cau favaretto<\/div>\n<div style=\"text-align: center;\">zen &#8211; katia regina<\/div>\n<div style=\"text-align: center;\">grilos nos campos &#8211; geraldo vianna<\/div>\n<div style=\"text-align: center;\">\u00e1gua e azeite &#8211; jo\u00e3o ayres e s\u00e9rgio mizan<\/div>\n<div style=\"text-align: center;\">luzes &#8211; gladston galizza<\/div>\n<div style=\"text-align: center;\">s\u00f3 de passagem &#8211; lucila novaes<\/div>\n<div style=\"text-align: center;\">leil\u00e3o &#8211; carlota marques<\/div>\n<div style=\"text-align: center;\">olhar do menino &#8211; nilson chaves<\/div>\n<div style=\"text-align: center;\">lima rima &#8211; grupo orghu<\/div>\n<div style=\"text-align: center;\">princezinha do mangue &#8211; alecyr de antonina e edmundo santos<\/div>\n<div style=\"text-align: center;\"><\/div>\n<div style=\"text-align: center;\"><\/div>\n","protected":false},"excerpt":{"rendered":"<p>Boa noite, amigos cultos e ocultos! Para variar, eu hoje, ainda agororinha, fiz uma baita confus\u00e3o. N\u00e3o sei bem porque motivo, achei que fosse sexta feira. Como eu ainda n\u00e3o havia preparado nada para o dia dos independentes, achei de &hellip; <a href=\"https:\/\/www.toque-musicall.com\/?p=234\">Continue lendo <span class=\"meta-nav\">&rarr;<\/span><\/a><\/p>\n","protected":false},"author":1,"featured_media":0,"comment_status":"open","ping_status":"closed","sticky":false,"template":"","format":"standard","meta":{"footnotes":""},"categories":[278,414,411,413,25,412],"tags":[],"class_list":["post-234","post","type-post","status-publish","format-standard","hentry","category-festivais","category-geraldo-vianna","category-lenine","category-nilson-chaves","category-selo-independente","category-vii-fampop"],"_links":{"self":[{"href":"https:\/\/www.toque-musicall.com\/index.php?rest_route=\/wp\/v2\/posts\/234","targetHints":{"allow":["GET"]}}],"collection":[{"href":"https:\/\/www.toque-musicall.com\/index.php?rest_route=\/wp\/v2\/posts"}],"about":[{"href":"https:\/\/www.toque-musicall.com\/index.php?rest_route=\/wp\/v2\/types\/post"}],"author":[{"embeddable":true,"href":"https:\/\/www.toque-musicall.com\/index.php?rest_route=\/wp\/v2\/users\/1"}],"replies":[{"embeddable":true,"href":"https:\/\/www.toque-musicall.com\/index.php?rest_route=%2Fwp%2Fv2%2Fcomments&post=234"}],"version-history":[{"count":0,"href":"https:\/\/www.toque-musicall.com\/index.php?rest_route=\/wp\/v2\/posts\/234\/revisions"}],"wp:attachment":[{"href":"https:\/\/www.toque-musicall.com\/index.php?rest_route=%2Fwp%2Fv2%2Fmedia&parent=234"}],"wp:term":[{"taxonomy":"category","embeddable":true,"href":"https:\/\/www.toque-musicall.com\/index.php?rest_route=%2Fwp%2Fv2%2Fcategories&post=234"},{"taxonomy":"post_tag","embeddable":true,"href":"https:\/\/www.toque-musicall.com\/index.php?rest_route=%2Fwp%2Fv2%2Ftags&post=234"}],"curies":[{"name":"wp","href":"https:\/\/api.w.org\/{rel}","templated":true}]}}