{"id":2342,"date":"2012-08-17T22:25:55","date_gmt":"2012-08-17T22:25:55","guid":{"rendered":"http:\/\/www.toque-musicall.com\/?p=2342"},"modified":"2012-08-19T01:27:07","modified_gmt":"2012-08-19T01:27:07","slug":"jose-emmanuel-astor-apresenta-jose-emmanuel-1964","status":"publish","type":"post","link":"https:\/\/www.toque-musicall.com\/?p=2342","title":{"rendered":"Jos\u00e9 Emmanuel &#8211; Astor Apresenta Jos\u00e9 Emmanuel (1964)"},"content":{"rendered":"<p><img loading=\"lazy\" decoding=\"async\" class=\"aligncenter\" src=\"http:\/\/4.bp.blogspot.com\/-qPJRxgNCKzY\/UC7CNgmMLoI\/AAAAAAAADUY\/dYiqv9MY3M8\/s400\/capap.JPG\" alt=\"\" width=\"399\" height=\"400\" \/><img loading=\"lazy\" decoding=\"async\" class=\"aligncenter\" src=\"http:\/\/4.bp.blogspot.com\/-XJPBk66WQ5g\/UC7CJ-DsOBI\/AAAAAAAADUQ\/1abT7hE_vH8\/s400\/contracapap.JPG\" alt=\"\" width=\"400\" height=\"399\" \/><\/p>\n<p>Boa noite, amigos cultos, ocultos e associados! Apenas avisando, as solicita\u00e7\u00f5es v\u00e3o sendo atendidas dentro do meu poss\u00edvel e por ordem de chegada. Assim, como s\u00e3o muitas, o jeito \u00e9 aguardar, ok?<\/p>\n<p>Hoje eu trago para voc\u00eas um compacto que acabou virando \u00e1lbum. Meio que por acaso, achei de postar este compacto de um artista baiano chamado Jos\u00e9 Emmanuel. Como hoje \u00e9 (ou seria) dia de artista\/disco independente, resolvi atacar com este obscuro compacto. Eis que para a minha surpresa, ao procurar poss\u00edveis informa\u00e7\u00f5es sobre o artista, fui cair no \u2018t\u00fanel do tempo\u2019, ou melhor dizendo, encontrei um prato cheio de informa\u00e7\u00f5es sobre Jos\u00e9 Emmanuel no excelente site \u2018<a href=\"http:\/\/tempomusica.blogspot.com.br\/2010\/12\/jose-emmanoel-um-talento-musical-da.html\">Linha do Tempo da Inven\u00e7\u00e3o Musical<\/a>\u201d. L\u00e1, o pesquisador Roberto Luis, nos apresenta toda a trajet\u00f3ria do artista baiano. Inclusive falando deste compacto e outros trabalho de sua carreira. Como haviam outras m\u00fasicas, al\u00e9m das que eu tinha no disquinho, resolvi incluir no pacote tudo o que ali estava dispon\u00edvel, afinal j\u00e1 que estamos falando do artista e temos tanta informa\u00e7\u00e3o, nada como mostrar outras m\u00fasicas. O que realmente me chamou a aten\u00e7\u00e3o neste artista foi a sua transforma\u00e7\u00e3o. Ao entrar em seu \u2018<a href=\"http:\/\/www.myspace.com\/joseemmanoel\">Myspace<\/a>\u2019, o que eu ouvi n\u00e3o parecia nem de longe com o que eu j\u00e1 conhecia. \u00c9 certo que estamos falando de um espa\u00e7o no tempo de uns 40 anos ou mais. Por\u00e9m, sua transforma\u00e7\u00e3o foi de \u00e1gua para o vinho, ou vice versa. O cara sa\u00ed da m\u00fasica popular e rom\u00e2ntica para um trabalho experimental \u2018eletroworldagemusic\u2019 (deu para entender?). Vamos encontrar na sele\u00e7\u00e3o, que acabou virando \u00e1lbum, nove m\u00fasica, sendo as quatro \u00faltimas da fase \u2018myspace\u2019. Eis a\u00ed uma postagem com a cara do Toque Musical. Mas para conhecer melhor Jos\u00e9 Emmanuel e seu trabalho, vou deixar aqui apenas a dica, um convite para os amigos visitarem a <a href=\"http:\/\/tempomusica.blogspot.com.br\/2010\/12\/jose-emmanoel-um-talento-musical-da.html\">Linha do Tempo da Inven\u00e7\u00e3o Musical<\/a>. Ta tudo l\u00e1&#8230;<\/p>\n<p align=\"center\">prel\u00fadio do amor perdido<\/p>\n<p align=\"center\">meu bem<\/p>\n<p align=\"center\">estrela azul<\/p>\n<p align=\"center\">maria<\/p>\n<p align=\"center\">cadeira na avenida<\/p>\n<p align=\"center\">alguma coisa<\/p>\n<p align=\"center\">yara<\/p>\n<p align=\"center\">emmanuel na parede<\/p>\n<p style=\"text-align: center;\">faixa branca<\/p>\n","protected":false},"excerpt":{"rendered":"<p>Boa noite, amigos cultos, ocultos e associados! Apenas avisando, as solicita\u00e7\u00f5es v\u00e3o sendo atendidas dentro do meu poss\u00edvel e por ordem de chegada. Assim, como s\u00e3o muitas, o jeito \u00e9 aguardar, ok? Hoje eu trago para voc\u00eas um compacto que &hellip; <a href=\"https:\/\/www.toque-musicall.com\/?p=2342\">Continue lendo <span class=\"meta-nav\">&rarr;<\/span><\/a><\/p>\n","protected":false},"author":1,"featured_media":0,"comment_status":"open","ping_status":"closed","sticky":false,"template":"","format":"standard","meta":{"footnotes":""},"categories":[2026],"tags":[],"class_list":["post-2342","post","type-post","status-publish","format-standard","hentry","category-selo-astor"],"_links":{"self":[{"href":"https:\/\/www.toque-musicall.com\/index.php?rest_route=\/wp\/v2\/posts\/2342","targetHints":{"allow":["GET"]}}],"collection":[{"href":"https:\/\/www.toque-musicall.com\/index.php?rest_route=\/wp\/v2\/posts"}],"about":[{"href":"https:\/\/www.toque-musicall.com\/index.php?rest_route=\/wp\/v2\/types\/post"}],"author":[{"embeddable":true,"href":"https:\/\/www.toque-musicall.com\/index.php?rest_route=\/wp\/v2\/users\/1"}],"replies":[{"embeddable":true,"href":"https:\/\/www.toque-musicall.com\/index.php?rest_route=%2Fwp%2Fv2%2Fcomments&post=2342"}],"version-history":[{"count":3,"href":"https:\/\/www.toque-musicall.com\/index.php?rest_route=\/wp\/v2\/posts\/2342\/revisions"}],"predecessor-version":[{"id":2345,"href":"https:\/\/www.toque-musicall.com\/index.php?rest_route=\/wp\/v2\/posts\/2342\/revisions\/2345"}],"wp:attachment":[{"href":"https:\/\/www.toque-musicall.com\/index.php?rest_route=%2Fwp%2Fv2%2Fmedia&parent=2342"}],"wp:term":[{"taxonomy":"category","embeddable":true,"href":"https:\/\/www.toque-musicall.com\/index.php?rest_route=%2Fwp%2Fv2%2Fcategories&post=2342"},{"taxonomy":"post_tag","embeddable":true,"href":"https:\/\/www.toque-musicall.com\/index.php?rest_route=%2Fwp%2Fv2%2Ftags&post=2342"}],"curies":[{"name":"wp","href":"https:\/\/api.w.org\/{rel}","templated":true}]}}