{"id":2362,"date":"2012-08-24T02:56:02","date_gmt":"2012-08-24T02:56:02","guid":{"rendered":"http:\/\/www.toque-musicall.com\/?p=2362"},"modified":"2012-08-24T20:01:07","modified_gmt":"2012-08-24T20:01:07","slug":"johnny-alf-zeze-motta-projeto-pixinguinha-1978-2012","status":"publish","type":"post","link":"https:\/\/www.toque-musicall.com\/?p=2362","title":{"rendered":"Johnny Alf &#038; Zez\u00e9 Motta &#8211; Projeto Pixinguinha 1978 (2012)"},"content":{"rendered":"<p><img loading=\"lazy\" decoding=\"async\" class=\"aligncenter\" src=\"http:\/\/2.bp.blogspot.com\/-NRAtD61QXx0\/UDbsSAd9ddI\/AAAAAAAADYk\/jVODN7AnTdM\/s400\/CAPAp.JPG\" alt=\"\" width=\"400\" height=\"400\" \/><img loading=\"lazy\" decoding=\"async\" class=\"aligncenter\" src=\"http:\/\/1.bp.blogspot.com\/-nYdXXj1STs0\/UDbsO1b06HI\/AAAAAAAADYc\/PGWlrNWkvSU\/s400\/CONTRACAPAp.JPG\" alt=\"\" width=\"400\" height=\"400\" \/><\/p>\n<p>Boa noite amigos cultos, ocultos e associados! Ainda no \u00faltimo minuto consegui marcar o ponto, ou melhor dizendo, a postagem da quinta feira. Como cheguei tarde e j\u00e1 sem muita paci\u00eancia para ficar em frente ao computador, vou lan\u00e7ar m\u00e3o de mais um artif\u00edcio para momentos como este. Ao inv\u00e9s de um \u2018disco de gaveta\u2019, vamos a um \u2018arquivo de gaveta\u2019. Mais exatamente, outro volume \u201cProjeto Pixinguinha\u201d, extra\u00eddo do excelente site da Funarte, \u201c<a href=\"http:\/\/www.funarte.gov.br\/brasilmemoriadasartes\/acervo\/pixinguinha\/projeto-pixinguinha-johnny-alf-e-zeze-motta-encerram-a-temporada-de-1978\/\" target=\"_blank\">Brasil Mem\u00f3ria das Artes<\/a>\u201d. Desta vez temos o memor\u00e1vel show de Zez\u00e9 Mota e Johnny Alf. Como conv\u00e9m, deixo os detalhes para serem lidos no pr\u00f3prio site.\u00a0Como sempre, um show excelente, que vale a pena ser ouvido com carinho.<\/p>\n<p align=\"center\">oxum<\/p>\n<p align=\"center\">ilus\u00e3o atoa \u2013 trocando em mi\u00fados \u2013 rapaz de bem<\/p>\n<p align=\"center\">anuncia\u00e7\u00e3o<\/p>\n<p align=\"center\">sai da frente \u2013 eu e a brisa<\/p>\n<p align=\"center\">dores de amores<\/p>\n<p align=\"center\">magrelinha<\/p>\n<p align=\"center\">rita baiana<\/p>\n<p align=\"center\">dengue \u2013 oxum<\/p>\n<p align=\"center\">\n","protected":false},"excerpt":{"rendered":"<p>Boa noite amigos cultos, ocultos e associados! Ainda no \u00faltimo minuto consegui marcar o ponto, ou melhor dizendo, a postagem da quinta feira. Como cheguei tarde e j\u00e1 sem muita paci\u00eancia para ficar em frente ao computador, vou lan\u00e7ar m\u00e3o &hellip; <a href=\"https:\/\/www.toque-musicall.com\/?p=2362\">Continue lendo <span class=\"meta-nav\">&rarr;<\/span><\/a><\/p>\n","protected":false},"author":1,"featured_media":0,"comment_status":"open","ping_status":"closed","sticky":false,"template":"","format":"standard","meta":{"footnotes":""},"categories":[568,62,1091],"tags":[],"class_list":["post-2362","post","type-post","status-publish","format-standard","hentry","category-johnny-alf","category-projeto-pixinguinha","category-zeze-mota"],"_links":{"self":[{"href":"https:\/\/www.toque-musicall.com\/index.php?rest_route=\/wp\/v2\/posts\/2362","targetHints":{"allow":["GET"]}}],"collection":[{"href":"https:\/\/www.toque-musicall.com\/index.php?rest_route=\/wp\/v2\/posts"}],"about":[{"href":"https:\/\/www.toque-musicall.com\/index.php?rest_route=\/wp\/v2\/types\/post"}],"author":[{"embeddable":true,"href":"https:\/\/www.toque-musicall.com\/index.php?rest_route=\/wp\/v2\/users\/1"}],"replies":[{"embeddable":true,"href":"https:\/\/www.toque-musicall.com\/index.php?rest_route=%2Fwp%2Fv2%2Fcomments&post=2362"}],"version-history":[{"count":7,"href":"https:\/\/www.toque-musicall.com\/index.php?rest_route=\/wp\/v2\/posts\/2362\/revisions"}],"predecessor-version":[{"id":2369,"href":"https:\/\/www.toque-musicall.com\/index.php?rest_route=\/wp\/v2\/posts\/2362\/revisions\/2369"}],"wp:attachment":[{"href":"https:\/\/www.toque-musicall.com\/index.php?rest_route=%2Fwp%2Fv2%2Fmedia&parent=2362"}],"wp:term":[{"taxonomy":"category","embeddable":true,"href":"https:\/\/www.toque-musicall.com\/index.php?rest_route=%2Fwp%2Fv2%2Fcategories&post=2362"},{"taxonomy":"post_tag","embeddable":true,"href":"https:\/\/www.toque-musicall.com\/index.php?rest_route=%2Fwp%2Fv2%2Ftags&post=2362"}],"curies":[{"name":"wp","href":"https:\/\/api.w.org\/{rel}","templated":true}]}}