{"id":237,"date":"2011-11-22T08:25:00","date_gmt":"2011-11-22T08:25:00","guid":{"rendered":"http:\/\/www.toque-musicall.com\/?p=237"},"modified":"2011-11-22T08:25:00","modified_gmt":"2011-11-22T08:25:00","slug":"jorge-antunes-no-se-mata-la-justiica-1981","status":"publish","type":"post","link":"https:\/\/www.toque-musicall.com\/?p=237","title":{"rendered":"Jorge Antunes &#8211; No Se Mata La Justiica (1981)"},"content":{"rendered":"<p><a href=\"http:\/\/3.bp.blogspot.com\/-JOHh9q5AMhw\/TstdYmM3eYI\/AAAAAAAAAm8\/S53B4bJw5Q8\/s1600\/jorge+P.JPG\"><img decoding=\"async\" style=\"display:block; margin:0px auto 10px; text-align:center;cursor:pointer; cursor:hand;width: 400px; height: 395px;\" src=\"http:\/\/3.bp.blogspot.com\/-JOHh9q5AMhw\/TstdYmM3eYI\/AAAAAAAAAm8\/S53B4bJw5Q8\/s400\/jorge+P.JPG\" border=\"0\" alt=\"\" id=\"BLOGGER_PHOTO_ID_5677734432383400322\" \/><\/a>Ol\u00e1 amigos cultos e ocultos! H\u00e1 muito que eu venho ensaiando uma semana &#8216;toquemusical&#8217; dedicada a um tipo de m\u00fasica que n\u00e3o \u00e9 feita para tocar no r\u00e1dio. At\u00e9 ent\u00e3o, o m\u00e1ximo que tenho feito \u00e9 postar m\u00fasica que as r\u00e1dios n\u00e3o gostam de tocar. O Toque Musical, como todos j\u00e1 sabem, se interessa por tudo. Tudo que possa gerar algum interc\u00e2mbio e uma discuss\u00e3o inteligente, muito embora poucas foram as vezes em que nos dispusemos a discutir com maestria assuntos dessa natureza. Eu fa\u00e7o a minha parte, jogando na roda, todos os dias, um assunto novo e diferente. Mas \u00e9 justamente algo diferente que eu queria fazer por uma semana, pelo menos. Acho que fico protelando por ter a convic\u00e7\u00e3o de que uma dose maci\u00e7a de experimentalismo possa acabar comprometendo o interesse de uma grande maioria. Por isso, acabo diluindo o que \u00e9 dif\u00edcil de engolir puro. Por outra, tem tamb\u00e9m a quest\u00e3o dos dias dedicados a isso ou aquilo (eruditos, trilhas e colet\u00e2neas). Querendo ou n\u00e3o, acabo voltando para a salada mista. Assim sendo, viva a variedade! Vamos \u00e0 ela&#8230;<\/p>\n<div>Tenho aqui para voc\u00eas um disco do singular compositor Jorge Antunes. Digo &#8216;singular&#8217; no sentido de ser ele um tipo raro de m\u00fasico, ou, de ser este um m\u00fasico envolvido em situa\u00e7\u00f5es musicais diferentes. Jorge Antunes \u00e9 um nome pioneiro. Foi o primeiro m\u00fasico brasileiro a trabalhar com instrumentos eletr\u00f4nicos, tipo o <a href=\"http:\/\/teremin.blogspot.com\/\">Teremin<\/a>, um instrumento musical totalmente eletr\u00f4nico, inventado no in\u00edcio do s\u00e9culo passado por um russo, chamado Lev Sergeyevich Termen. No in\u00edcio dos anos 60 Jorge Antunes se destacou como um precursor da m\u00fasica eletroac\u00fastica no pa\u00eds. Foi sempre um pesquisador, desenvolvendo uma t\u00e9cnica de composi\u00e7\u00e3o utilizando-se das cores em correspond\u00eancia ao som, que ele chamou de &#8220;m\u00fasica cromomf\u00f4nica&#8221;. \u00c9 um m\u00fasico respeitad\u00edssimo mundo a fora, mestre e doutor no assunto. Desde de 1973 \u00e9 professor da UnB, onde desenvolve suas pesquisas no Laborat\u00f3rio de M\u00fasica Eletroac\u00fastica e ensina Composi\u00e7\u00e3o e Ac\u00fastica Musical. Sua obra, talvez, mais conhecida seja a \u00f3pera &#8220;Olga&#8221;, inspirada na vida da alem\u00e3 Olga Ben\u00e1rio, militante do Partido Comunista e companheira de Luis Carlos Prestes. Outra particularidade de <a href=\"http:\/\/www.jorgeantunes.com.br\/\">Jorge Antunes<\/a> \u00e9 o fato de ser um m\u00fasico engajado politicamente. Socialista de carteirinha e um dos mais importantes membros do PSOL. Foi candidato pelo partido da Heloisa Helena ao Senado. Como eu disse, uma figura singular e n\u00e3o s\u00f3 na sua m\u00fasica.<\/div>\n<div>&#8220;No se mata la justicia&#8221; foi um \u00e1lbum lan\u00e7ado em 1981, no qual Jorge Antunes re\u00fane tr\u00eas de suas obras, realizadas em \u00e9pocas distintas, todas fora do Brasil. &#8220;Cromorfon\u00e9tica&#8221; \u00e9 uma grava\u00e7\u00e3o de 1969, trabalho realizado durante seu curso de p\u00f3s gradua\u00e7\u00e3o, numa bolsa de estudos na Argentina. &#8220;Proudhonia&#8221; \u00e9 de 72, composto e gravado na Fran\u00e7a. E finalmente &#8220;Elegia violeta para Monsenhor Romero&#8221;, produzido em 1980, durante quatro meses que o compositor passou em Israel. Em 2003 o disco foi relan\u00e7ado, na vers\u00e3o cd, pelas Edi\u00e7\u00f5es Paulinas. Desta vez Jorge Antunes resolveu incluir outros trabalhos: &#8220;Rimbaudiannisia MCMXVC&#8221; e o &#8220;Rituel Violet&#8221;.<\/div>\n<div>Eu talvez devesse aqui explicar melhor este disco, mas felizmente o \u00e1lbum, de capa dupla, nos traz todas as informa\u00e7\u00f5es necess\u00e1rias. No arquivo est\u00e3o reunidas as duas vers\u00f5es, lp e cd. Tudo bem mastigadinho \ud83d\ude42<\/div>\n<div><\/div>\n<div style=\"text-align: center;\">elegia violeta para monsenhor romero<\/div>\n<div style=\"text-align: center;\">cromorfon\u00e9tica<\/div>\n<div style=\"text-align: center;\">proudhonia<\/div>\n<div style=\"text-align: center;\">rimbaudiannisia MCMXCV &#8211; expiation pour cumiqoh<\/div>\n<div style=\"text-align: center;\">rimbaudiannisia MCMXCV &#8211; voyelles<\/div>\n<div style=\"text-align: center;\">rimbaudiannisia MCMXCV &#8211; ditirambus<\/div>\n<div style=\"text-align: center;\">rituel violet<\/div>\n<div><\/div>\n<div><\/div>\n<div><\/div>\n<div><\/div>\n","protected":false},"excerpt":{"rendered":"<p>Ol\u00e1 amigos cultos e ocultos! H\u00e1 muito que eu venho ensaiando uma semana &#8216;toquemusical&#8217; dedicada a um tipo de m\u00fasica que n\u00e3o \u00e9 feita para tocar no r\u00e1dio. At\u00e9 ent\u00e3o, o m\u00e1ximo que tenho feito \u00e9 postar m\u00fasica que as &hellip; <a href=\"https:\/\/www.toque-musicall.com\/?p=237\">Continue lendo <span class=\"meta-nav\">&rarr;<\/span><\/a><\/p>\n","protected":false},"author":1,"featured_media":0,"comment_status":"open","ping_status":"closed","sticky":false,"template":"","format":"standard","meta":{"footnotes":""},"categories":[417,416],"tags":[],"class_list":["post-237","post","type-post","status-publish","format-standard","hentry","category-jorge-antunes","category-selo-sistrum"],"_links":{"self":[{"href":"https:\/\/www.toque-musicall.com\/index.php?rest_route=\/wp\/v2\/posts\/237","targetHints":{"allow":["GET"]}}],"collection":[{"href":"https:\/\/www.toque-musicall.com\/index.php?rest_route=\/wp\/v2\/posts"}],"about":[{"href":"https:\/\/www.toque-musicall.com\/index.php?rest_route=\/wp\/v2\/types\/post"}],"author":[{"embeddable":true,"href":"https:\/\/www.toque-musicall.com\/index.php?rest_route=\/wp\/v2\/users\/1"}],"replies":[{"embeddable":true,"href":"https:\/\/www.toque-musicall.com\/index.php?rest_route=%2Fwp%2Fv2%2Fcomments&post=237"}],"version-history":[{"count":0,"href":"https:\/\/www.toque-musicall.com\/index.php?rest_route=\/wp\/v2\/posts\/237\/revisions"}],"wp:attachment":[{"href":"https:\/\/www.toque-musicall.com\/index.php?rest_route=%2Fwp%2Fv2%2Fmedia&parent=237"}],"wp:term":[{"taxonomy":"category","embeddable":true,"href":"https:\/\/www.toque-musicall.com\/index.php?rest_route=%2Fwp%2Fv2%2Fcategories&post=237"},{"taxonomy":"post_tag","embeddable":true,"href":"https:\/\/www.toque-musicall.com\/index.php?rest_route=%2Fwp%2Fv2%2Ftags&post=237"}],"curies":[{"name":"wp","href":"https:\/\/api.w.org\/{rel}","templated":true}]}}