{"id":2387,"date":"2012-08-28T22:32:38","date_gmt":"2012-08-28T22:32:38","guid":{"rendered":"http:\/\/www.toque-musicall.com\/?p=2387"},"modified":"2012-08-28T22:32:38","modified_gmt":"2012-08-28T22:32:38","slug":"grandes-instrumentistas-brasileiros-1978","status":"publish","type":"post","link":"https:\/\/www.toque-musicall.com\/?p=2387","title":{"rendered":"Grandes Instrumentistas Brasileiros (1978)"},"content":{"rendered":"<p><img loading=\"lazy\" decoding=\"async\" class=\"aligncenter\" src=\"http:\/\/2.bp.blogspot.com\/-f9U6AyeneqA\/UD1FtyoBPMI\/AAAAAAAADfE\/MGuur35aKBk\/s400\/capa+P.JPG\" alt=\"\" width=\"400\" height=\"400\" \/><img loading=\"lazy\" decoding=\"async\" class=\"aligncenter\" src=\"http:\/\/2.bp.blogspot.com\/-Gi0Em8WOFyM\/UD1FpbZjeoI\/AAAAAAAADe8\/-n9ZxkdJNGM\/s400\/contracapa+P.JPG\" alt=\"\" width=\"394\" height=\"400\" \/><\/p>\n<p>Boa noite amigos cultos, ocultos e associados! Enquanto eu espero o transito melhorar, vou de uma vez j\u00e1 mandando bronca na postagem do dia. Vou inclusive voltar para casa ouvindo (na boa) este disc\u00e3o, hehehe&#8230;<\/p>\n<p>Disc\u00e3o mesmo. Este \u00e9 um daqueles \u00e1lbuns que merece a nossa aten\u00e7\u00e3o. Trata-se, sem d\u00favida, de uma colet\u00e2nea, mas como poucas, muito bem produzida. Um trabalho do pesquisador J. L. Ferrete que juntamente com a Gravadora Continental nos proporciona uma deliciosa mostra de interpreta\u00e7\u00e3o de alguns dos maiores m\u00fasicos instrumentistas brasileiros. Nomes bastante conhecidos do p\u00fablico e tamb\u00e9m outros que merecem ser lembrados. Pena este disco ser apenas um \u00e1lbum simples. Merecia um duplo, ou triplo, quem sabe. Artista para isso \u00e9 o que n\u00e3o falta. Mas nessas treze faixas podemos bem saciar (ou despertar) a nossa sede musical. Muitas das faixas, inclusive, j\u00e1 foram apresentadas aqui, em outros discos. Por serem t\u00e3o geniais, vale a pena ouvir de novo. Pouparei voc\u00eas de maiores apresenta\u00e7\u00f5es, essas cabem melhor ao produtor, J. L. Ferrete em seu texto na contracapa. Gostaria apenas de chamar a aten\u00e7\u00e3o para dois artistas, Garoto na guitarra havaiana interpretando o chorinho \u201cDolente\u201d e Pereira Filho e seu viol\u00e3o el\u00e9trico guitarrando e arrasando em outro chorinho, \u201cEdinho no choro\u201d. Quem se liga em guitarra e guitarristas n\u00e3o pode deixar de ouvir isso&#8230;<\/p>\n<p align=\"center\">doutor sabe tudo \u2013 dilermando reis<\/p>\n<p align=\"center\">capricho nortista \u2013 edu da gaita e orquestra de alexandre gnattali<\/p>\n<p align=\"center\">gorgulho \u2013 benedito lacerda<\/p>\n<p align=\"center\">camundongo \u2013 waldir azevedo<\/p>\n<p align=\"center\">imperial \u2013 abel ferreira e seu conjunto<\/p>\n<p align=\"center\">edinho no choro \u2013 pereira filho e conjunto<\/p>\n<p align=\"center\">maluquinho \u2013 andr\u00e9 penazzi<\/p>\n<p align=\"center\">sal\u00f5es imperiais \u2013 jacob do bandolim<\/p>\n<p align=\"center\">sincopado \u2013 sivuca<\/p>\n<p align=\"center\">dolente \u2013 garoto<\/p>\n<p align=\"center\">sonho \u2013 luiz americano e pereira filho<\/p>\n<p align=\"center\">bicharada \u2013 djalma ferreira<\/p>\n<p align=\"center\">p\u00e9 de moleque \u2013 radam\u00e9s gnattali<\/p>\n<p align=\"center\">\n<p align=\"center\">\n","protected":false},"excerpt":{"rendered":"<p>Boa noite amigos cultos, ocultos e associados! Enquanto eu espero o transito melhorar, vou de uma vez j\u00e1 mandando bronca na postagem do dia. Vou inclusive voltar para casa ouvindo (na boa) este disc\u00e3o, hehehe&#8230; Disc\u00e3o mesmo. Este \u00e9 um &hellip; <a href=\"https:\/\/www.toque-musicall.com\/?p=2387\">Continue lendo <span class=\"meta-nav\">&rarr;<\/span><\/a><\/p>\n","protected":false},"author":1,"featured_media":0,"comment_status":"open","ping_status":"closed","sticky":false,"template":"","format":"standard","meta":{"footnotes":""},"categories":[125,510,939,75,707,142,359,2034,74],"tags":[],"class_list":["post-2387","post","type-post","status-publish","format-standard","hentry","category-abel-ferreira","category-alexandre-gnattali","category-andre-penazzi","category-dilermando-reis","category-djalma-ferreira-e-seu-conjunto","category-garoto","category-jacob-do-bandolim","category-luiz-americano","category-waldir-azevedo"],"_links":{"self":[{"href":"https:\/\/www.toque-musicall.com\/index.php?rest_route=\/wp\/v2\/posts\/2387","targetHints":{"allow":["GET"]}}],"collection":[{"href":"https:\/\/www.toque-musicall.com\/index.php?rest_route=\/wp\/v2\/posts"}],"about":[{"href":"https:\/\/www.toque-musicall.com\/index.php?rest_route=\/wp\/v2\/types\/post"}],"author":[{"embeddable":true,"href":"https:\/\/www.toque-musicall.com\/index.php?rest_route=\/wp\/v2\/users\/1"}],"replies":[{"embeddable":true,"href":"https:\/\/www.toque-musicall.com\/index.php?rest_route=%2Fwp%2Fv2%2Fcomments&post=2387"}],"version-history":[{"count":1,"href":"https:\/\/www.toque-musicall.com\/index.php?rest_route=\/wp\/v2\/posts\/2387\/revisions"}],"predecessor-version":[{"id":2388,"href":"https:\/\/www.toque-musicall.com\/index.php?rest_route=\/wp\/v2\/posts\/2387\/revisions\/2388"}],"wp:attachment":[{"href":"https:\/\/www.toque-musicall.com\/index.php?rest_route=%2Fwp%2Fv2%2Fmedia&parent=2387"}],"wp:term":[{"taxonomy":"category","embeddable":true,"href":"https:\/\/www.toque-musicall.com\/index.php?rest_route=%2Fwp%2Fv2%2Fcategories&post=2387"},{"taxonomy":"post_tag","embeddable":true,"href":"https:\/\/www.toque-musicall.com\/index.php?rest_route=%2Fwp%2Fv2%2Ftags&post=2387"}],"curies":[{"name":"wp","href":"https:\/\/api.w.org\/{rel}","templated":true}]}}