{"id":239,"date":"2011-11-20T21:31:00","date_gmt":"2011-11-20T21:31:00","guid":{"rendered":"http:\/\/www.toque-musicall.com\/?p=239"},"modified":"2011-11-20T21:31:00","modified_gmt":"2011-11-20T21:31:00","slug":"os-carbonos-1970","status":"publish","type":"post","link":"https:\/\/www.toque-musicall.com\/?p=239","title":{"rendered":"Os Carbonos (1970)"},"content":{"rendered":"<p><a href=\"http:\/\/3.bp.blogspot.com\/-K0Xfnxe3940\/TslyCbJqHtI\/AAAAAAAAAmY\/HsDCtgPbG1M\/s1600\/carbonos+P.JPG\"><img decoding=\"async\" style=\"display:block; margin:0px auto 10px; text-align:center;cursor:pointer; cursor:hand;width: 400px; height: 400px;\" src=\"http:\/\/3.bp.blogspot.com\/-K0Xfnxe3940\/TslyCbJqHtI\/AAAAAAAAAmY\/HsDCtgPbG1M\/s400\/carbonos+P.JPG\" border=\"0\" alt=\"\" id=\"BLOGGER_PHOTO_ID_5677194191250792146\" \/><\/a>Boa noite, amigos cultos e ocultos! Estou trazendo mais uma vez para voc\u00eas o grupo Os Carbonos. Este conjunto, como todos j\u00e1 devem saber e pelo seu pr\u00f3prio nome, se dedicava ao que hoje conhecemos como &#8216;cover&#8217;. Eram mesmo especialistas no assunto. Quem j\u00e1 ouviu os discos dessa turma <a href=\"http:\/\/toque-musical.blogspot.com\/search\/label\/Os%20Carbonos\">por aqui<\/a>, sabe que vale a pena trazermos mais um de seus &#8216;originais&#8217; trabalhos \ud83d\ude09 Este disco, entre os muitos, \u00e9 um dos que eu mais gosto, cheio de &#8216;covers&#8217; e vers\u00f5es do que era o &#8216;pop&#8217; daquela \u00e9poca.<\/p>\n<div><\/div>\n<div style=\"text-align: center;\">o cabe\u00e7\u00e3o<\/div>\n<div style=\"text-align: center;\">maria izabel<\/div>\n<div style=\"text-align: center;\">quero voltar pr\u00e1 bahia<\/div>\n<div style=\"text-align: center;\">rio amarelo (yellow river)<\/div>\n<div style=\"text-align: center;\">n\u00e3o pense mal de mim<\/div>\n<div style=\"text-align: center;\">no ver\u00e3o (in the summertime)<\/div>\n<div style=\"text-align: center;\">refletindo sobre a vida ( reflections of my life)<\/div>\n<div style=\"text-align: center;\">n\u00e3o vou ligar (the lover)<\/div>\n<div style=\"text-align: center;\">meu bem gosta de amar (my baby loves lovin&#8217;)<\/div>\n<div style=\"text-align: center;\">todo mundo est\u00e1 falando (everybody&#8217;s talkin&#8217;)<\/div>\n<div><\/div>\n<div><\/div>\n","protected":false},"excerpt":{"rendered":"<p>Boa noite, amigos cultos e ocultos! Estou trazendo mais uma vez para voc\u00eas o grupo Os Carbonos. Este conjunto, como todos j\u00e1 devem saber e pelo seu pr\u00f3prio nome, se dedicava ao que hoje conhecemos como &#8216;cover&#8217;. Eram mesmo especialistas &hellip; <a href=\"https:\/\/www.toque-musicall.com\/?p=239\">Continue lendo <span class=\"meta-nav\">&rarr;<\/span><\/a><\/p>\n","protected":false},"author":1,"featured_media":0,"comment_status":"open","ping_status":"closed","sticky":false,"template":"","format":"standard","meta":{"footnotes":""},"categories":[422,55],"tags":[],"class_list":["post-239","post","type-post","status-publish","format-standard","hentry","category-os-carbonos","category-selo-beverly"],"_links":{"self":[{"href":"https:\/\/www.toque-musicall.com\/index.php?rest_route=\/wp\/v2\/posts\/239","targetHints":{"allow":["GET"]}}],"collection":[{"href":"https:\/\/www.toque-musicall.com\/index.php?rest_route=\/wp\/v2\/posts"}],"about":[{"href":"https:\/\/www.toque-musicall.com\/index.php?rest_route=\/wp\/v2\/types\/post"}],"author":[{"embeddable":true,"href":"https:\/\/www.toque-musicall.com\/index.php?rest_route=\/wp\/v2\/users\/1"}],"replies":[{"embeddable":true,"href":"https:\/\/www.toque-musicall.com\/index.php?rest_route=%2Fwp%2Fv2%2Fcomments&post=239"}],"version-history":[{"count":0,"href":"https:\/\/www.toque-musicall.com\/index.php?rest_route=\/wp\/v2\/posts\/239\/revisions"}],"wp:attachment":[{"href":"https:\/\/www.toque-musicall.com\/index.php?rest_route=%2Fwp%2Fv2%2Fmedia&parent=239"}],"wp:term":[{"taxonomy":"category","embeddable":true,"href":"https:\/\/www.toque-musicall.com\/index.php?rest_route=%2Fwp%2Fv2%2Fcategories&post=239"},{"taxonomy":"post_tag","embeddable":true,"href":"https:\/\/www.toque-musicall.com\/index.php?rest_route=%2Fwp%2Fv2%2Ftags&post=239"}],"curies":[{"name":"wp","href":"https:\/\/api.w.org\/{rel}","templated":true}]}}