{"id":2390,"date":"2012-08-30T02:45:37","date_gmt":"2012-08-30T02:45:37","guid":{"rendered":"http:\/\/www.toque-musicall.com\/?p=2390"},"modified":"2012-08-30T02:45:37","modified_gmt":"2012-08-30T02:45:37","slug":"paulo-diniz-estradas-1976","status":"publish","type":"post","link":"https:\/\/www.toque-musicall.com\/?p=2390","title":{"rendered":"Paulo Diniz &#8211; Estradas (1976)"},"content":{"rendered":"<p><img loading=\"lazy\" decoding=\"async\" class=\"aligncenter\" src=\"http:\/\/1.bp.blogspot.com\/-J2oOAWP1K7E\/UD7D4YTSASI\/AAAAAAAADgE\/F9TW9mBWuwM\/s400\/paulo+p.JPG\" alt=\"\" width=\"400\" height=\"397\" \/><img loading=\"lazy\" decoding=\"async\" class=\"aligncenter\" src=\"http:\/\/2.bp.blogspot.com\/-h8AiMACzP-Y\/UD7D0tXe-dI\/AAAAAAAADf8\/6sapXF7Az4U\/s400\/paulo+Bp.JPG\" alt=\"\" width=\"400\" height=\"390\" \/><\/p>\n<p>Boa noite, amigos cultos, ocultos e associados! Depois de mais um decepcionante empate do Galo, fiquei meio sem tes\u00e3o para finalizar o dia. E ainda me faltava a postagem que eu descuidado deixei de fazer. Tem dias que eu realmente esque\u00e7o&#8230;<\/p>\n<p>Felizmente, me lembrei que tinha uma boa carta na manga, um disco do Paulo Diniz. Ta\u00ed um artista que merece ser lembrado, mais uma vez, aqui no Toque Musical. Temos ent\u00e3o este \u00e1lbum, lan\u00e7ado em 1976 pela EMI. Uma produ\u00e7\u00e3o caprichada como conv\u00e9m aos discos da gravadora, por\u00e9m com uma ficha t\u00e9cnica limitada e curiosa. Me chamou a aten\u00e7\u00e3o o fato de constar com respons\u00e1vel pela orquestra\u00e7\u00e3o e reg\u00eancia o Maestro Jo\u00e3o Donato. Fiquei na d\u00favida, seria o Jo\u00e3o Donato? Uai&#8230; Procurei alguma informa\u00e7\u00e3o na rede, mas at\u00e9 onde eu fui, n\u00e3o encontrei nada. Mas deve ser ele mesmo.<\/p>\n<p>Quanto \u00e0 \u201cEstradas\u201d este \u00e9 mais um dos excelentes trabalhos de Paulo Diniz. Neste \u00e1lbum ele nos traz um repert\u00f3rio de parcerias, principalmente com Juhareiz Correya, m\u00fasicas de Waldir Neves, Paraibinha e Carlos Fernando. Destaque tamb\u00e9m para o poema de Manuel Bandeira, \u201cVou me embora pra Pas\u00e1rgada\u201d, musicado por Paulo. Ele, inclusive, recorreu com freq\u00fc\u00eancia \u00e0 essa pr\u00e1tica de musicar poemas, fazendo outras coisas bem bacana como \u201cE agora Jos\u00e9\u201d, de Drummod.<\/p>\n<p>&nbsp;<\/p>\n<p align=\"center\">vou me embora pra pas\u00e1rgada<\/p>\n<p align=\"center\">capim da lagoa<\/p>\n<p align=\"center\">a seca de 1932<\/p>\n<p align=\"center\">desejo mudo<\/p>\n<p align=\"center\">junco do serind\u00f3<\/p>\n<p align=\"center\">poema pra lea<\/p>\n<p align=\"center\">bai\u00e3o da alagoas<\/p>\n<p align=\"center\">ciranda do mar<\/p>\n<p align=\"center\">peixe vivo<\/p>\n<p align=\"center\">cravo vermelho<\/p>\n<p align=\"center\">\u00f4co do mundo<\/p>\n<p align=\"center\">guar\u00e2nia morena<\/p>\n<p align=\"center\">\n<p align=\"center\">\n","protected":false},"excerpt":{"rendered":"<p>Boa noite, amigos cultos, ocultos e associados! Depois de mais um decepcionante empate do Galo, fiquei meio sem tes\u00e3o para finalizar o dia. E ainda me faltava a postagem que eu descuidado deixei de fazer. Tem dias que eu realmente &hellip; <a href=\"https:\/\/www.toque-musicall.com\/?p=2390\">Continue lendo <span class=\"meta-nav\">&rarr;<\/span><\/a><\/p>\n","protected":false},"author":1,"featured_media":0,"comment_status":"open","ping_status":"closed","sticky":false,"template":"","format":"standard","meta":{"footnotes":""},"categories":[1767,244],"tags":[],"class_list":["post-2390","post","type-post","status-publish","format-standard","hentry","category-paulo-diniz","category-selo-emi-odeon"],"_links":{"self":[{"href":"https:\/\/www.toque-musicall.com\/index.php?rest_route=\/wp\/v2\/posts\/2390","targetHints":{"allow":["GET"]}}],"collection":[{"href":"https:\/\/www.toque-musicall.com\/index.php?rest_route=\/wp\/v2\/posts"}],"about":[{"href":"https:\/\/www.toque-musicall.com\/index.php?rest_route=\/wp\/v2\/types\/post"}],"author":[{"embeddable":true,"href":"https:\/\/www.toque-musicall.com\/index.php?rest_route=\/wp\/v2\/users\/1"}],"replies":[{"embeddable":true,"href":"https:\/\/www.toque-musicall.com\/index.php?rest_route=%2Fwp%2Fv2%2Fcomments&post=2390"}],"version-history":[{"count":1,"href":"https:\/\/www.toque-musicall.com\/index.php?rest_route=\/wp\/v2\/posts\/2390\/revisions"}],"predecessor-version":[{"id":2391,"href":"https:\/\/www.toque-musicall.com\/index.php?rest_route=\/wp\/v2\/posts\/2390\/revisions\/2391"}],"wp:attachment":[{"href":"https:\/\/www.toque-musicall.com\/index.php?rest_route=%2Fwp%2Fv2%2Fmedia&parent=2390"}],"wp:term":[{"taxonomy":"category","embeddable":true,"href":"https:\/\/www.toque-musicall.com\/index.php?rest_route=%2Fwp%2Fv2%2Fcategories&post=2390"},{"taxonomy":"post_tag","embeddable":true,"href":"https:\/\/www.toque-musicall.com\/index.php?rest_route=%2Fwp%2Fv2%2Ftags&post=2390"}],"curies":[{"name":"wp","href":"https:\/\/api.w.org\/{rel}","templated":true}]}}