{"id":2392,"date":"2012-08-30T23:10:39","date_gmt":"2012-08-30T23:10:39","guid":{"rendered":"http:\/\/www.toque-musicall.com\/?p=2392"},"modified":"2024-07-12T19:33:30","modified_gmt":"2024-07-12T22:33:30","slug":"vamos-dancar-vol-1-1957","status":"publish","type":"post","link":"https:\/\/www.toque-musicall.com\/?p=2392","title":{"rendered":"Vamos Dan\u00e7ar? &#8211; Vol. 1 (1957)"},"content":{"rendered":"<p><img loading=\"lazy\" decoding=\"async\" class=\"aligncenter\" src=\"http:\/\/3.bp.blogspot.com\/-RJBgVfVwNAM\/UD_foGiUsXI\/AAAAAAAADhQ\/yZefb0-57h8\/s400\/capap.JPG\" alt=\"\" width=\"398\" height=\"400\" \/><img loading=\"lazy\" decoding=\"async\" class=\"aligncenter\" src=\"http:\/\/2.bp.blogspot.com\/-w6y1F1kFW2g\/UD_fi9WNMrI\/AAAAAAAADhI\/FHKVHD3MgVQ\/s400\/contracapap.JPG\" alt=\"\" width=\"395\" height=\"400\" \/><\/p>\n<p>Ol\u00e1 a todos! Hoje eu estou trazendo um disco bem interessante, um lp dos mais raros entre os raros postados aqui. Trata-se de uma colet\u00e2nea da Sinter reunindo oito de seus artistas em grava\u00e7\u00f5es originalmente lan\u00e7adas em 78 rpm. O lp do qual eu extra\u00ed as gemas, infelizmente n\u00e3o estava l\u00e1 grandes coisas, precisei de paci\u00eancia para limpa-lo, \u2018na unha\u2019. Acho que agora est\u00e1 um pouco mais aceit\u00e1vel. Por outra, a qualidade desse microssulco \u00e9 tamb\u00e9m question\u00e1vel. Este \u00e9 um raro exemplo entre os primeiros lp de 12 polegadas onde podemos encontrar mais do que 12 faixas. Eles aqui aproveitaram ao m\u00e1ximo o espa\u00e7o do vinil para colocarem 16 m\u00fasicas, ou seja, 8 bolachas num s\u00f3 lp. Ficou t\u00e3o apertadinho que mal se percebe a pausa entre uma faixa e outra.. Suponho que entre os sulcos tamb\u00e9m, o que, no meu entendimento, prejudicou uma melhor capta\u00e7\u00e3o do som pela agulha. Mesmo apesar disso, achei de posta-lo para que os amigos possam conhecer, ou reconhecer. H\u00e1 aqui alguns fonogramas raros, como \u00e9 o caso do primeiro disco gravado por Johnny Alf, trazendo as duas faixas: \u201cDe cigarro em cigarro\u201d, de Luiz Bonf\u00e1 e \u201cFalseta\u201d, de sua pr\u00f3pria autoria. No \u00e1lbum n\u00e3o h\u00e1 muitas informa\u00e7\u00f5es, inclusive a data de lan\u00e7amento, que eu acredito que seja de 1957 ou 58. Apenas no selo, de forma confusa, \u00e9 que podemos identificar m\u00fasica e artista. Entre essas h\u00e1 uma que n\u00e3o consta o int\u00e9rprete, o choro \u201cAtraente\u201d, de Chiquinha Gonzaga (faixa 7). Suponho que seja a m\u00fasica do outro lado do 78 onde tem a faixa \u201cZulu\u201d, com Irany Pinto. Nesta, s\u00f3 quem pode nos ajudar \u00e9 o nosso pesquisador Samuel Machado Filho. Ali\u00e1s, dar um geral em todas, hehehe&#8230; Fala a\u00ed Samuca!<\/p>\n<p align=\"center\">fuchico \u2013 os copacabana<\/p>\n<p align=\"center\">tenderly \u2013 donato e seu conjunto<\/p>\n<p align=\"center\">eu vou partir \u2013 jamel\u00e3o<\/p>\n<p align=\"center\">teus olhos entendem os meus \u2013 steve bernard<\/p>\n<p align=\"center\">maria candela \u2013 carioca e sua orquestra<\/p>\n<p align=\"center\">de cigarro em cigarro \u2013 johnny alf<\/p>\n<p align=\"center\">atraente \u2013 os copacabana<\/p>\n<p align=\"center\">eu quero um samba \u2013 os namorados<\/p>\n<p align=\"center\">mambo do turfe \u2013 carioca e sua orquestra<\/p>\n<p align=\"center\">falseta \u2013 johnny alf<\/p>\n<p align=\"center\">zul\u00fa \u2013 irany pinto<\/p>\n<p align=\"center\">mora no assunto \u2013 Jamel\u00e3o<\/p>\n<p align=\"center\">invitation \u2013 donato e seu conjunto<\/p>\n<p align=\"center\">tr\u00eas ave maria \u2013 namorados<\/p>\n<p align=\"center\">blue canary \u2013 steve bernardes<\/p>\n<p align=\"center\">perereca \u2013 os copacabana<\/p>\n<p style=\"text-align: left;\" align=\"center\">PS.: Atrav\u00e9s de nosso amigo Salvador identificamos o int\u00e9rprete da 7\u00aa faixa, &#8220;Atraente&#8221;. Trata-se do conjunto Os Copacabana. Esta grava\u00e7\u00e3o foi relan\u00e7ada no disco &#8220;Quincas E Os Copacabana&#8221;, em 1958, pelo selo Odeon (e pode ser encontrado no <a href=\"http:\/\/vinylmaniac1.blogspot.com.br\/2010\/01\/quincas-e-os-copacabanas-odeon-mofb.html\">Vinyl Maniac<\/a>).<\/p>\n","protected":false},"excerpt":{"rendered":"<p>Ol\u00e1 a todos! Hoje eu estou trazendo um disco bem interessante, um lp dos mais raros entre os raros postados aqui. Trata-se de uma colet\u00e2nea da Sinter reunindo oito de seus artistas em grava\u00e7\u00f5es originalmente lan\u00e7adas em 78 rpm. O &hellip; <a href=\"https:\/\/www.toque-musicall.com\/?p=2392\">Continue lendo <span class=\"meta-nav\">&rarr;<\/span><\/a><\/p>\n","protected":false},"author":1,"featured_media":0,"comment_status":"open","ping_status":"closed","sticky":false,"template":"","format":"standard","meta":{"footnotes":""},"categories":[1052,2035,1005,1513,568,1750,261,2038,5253],"tags":[3597,4184],"class_list":["post-2392","post","type-post","status-publish","format-standard","hentry","category-carioca-e-sua-orquestra","category-irany-pinto","category-jamelao","category-joao-donato","category-johnny-alf","category-os-copacabana-orquestra","category-selo-sinter","category-steve-bernades","category-steve-bernhardt","tag-selo-sinter","tag-steve-bernard"],"_links":{"self":[{"href":"https:\/\/www.toque-musicall.com\/index.php?rest_route=\/wp\/v2\/posts\/2392","targetHints":{"allow":["GET"]}}],"collection":[{"href":"https:\/\/www.toque-musicall.com\/index.php?rest_route=\/wp\/v2\/posts"}],"about":[{"href":"https:\/\/www.toque-musicall.com\/index.php?rest_route=\/wp\/v2\/types\/post"}],"author":[{"embeddable":true,"href":"https:\/\/www.toque-musicall.com\/index.php?rest_route=\/wp\/v2\/users\/1"}],"replies":[{"embeddable":true,"href":"https:\/\/www.toque-musicall.com\/index.php?rest_route=%2Fwp%2Fv2%2Fcomments&post=2392"}],"version-history":[{"count":10,"href":"https:\/\/www.toque-musicall.com\/index.php?rest_route=\/wp\/v2\/posts\/2392\/revisions"}],"predecessor-version":[{"id":9660,"href":"https:\/\/www.toque-musicall.com\/index.php?rest_route=\/wp\/v2\/posts\/2392\/revisions\/9660"}],"wp:attachment":[{"href":"https:\/\/www.toque-musicall.com\/index.php?rest_route=%2Fwp%2Fv2%2Fmedia&parent=2392"}],"wp:term":[{"taxonomy":"category","embeddable":true,"href":"https:\/\/www.toque-musicall.com\/index.php?rest_route=%2Fwp%2Fv2%2Fcategories&post=2392"},{"taxonomy":"post_tag","embeddable":true,"href":"https:\/\/www.toque-musicall.com\/index.php?rest_route=%2Fwp%2Fv2%2Ftags&post=2392"}],"curies":[{"name":"wp","href":"https:\/\/api.w.org\/{rel}","templated":true}]}}