{"id":24,"date":"2012-06-21T20:24:00","date_gmt":"2012-06-21T20:24:00","guid":{"rendered":"http:\/\/www.toque-musicall.com\/?p=24"},"modified":"2012-06-21T20:24:00","modified_gmt":"2012-06-21T20:24:00","slug":"ferias-antecipadas-pausa-forcada","status":"publish","type":"post","link":"https:\/\/www.toque-musicall.com\/?p=24","title":{"rendered":"F\u00c9RIAS ANTECIPADAS &#8211; PAUSA FOR\u00c7ADA"},"content":{"rendered":"<div style=\"clear: both; text-align: center;\"><a href=\"http:\/\/2.bp.blogspot.com\/-_TAR589tACc\/T-OCnV3_DtI\/AAAAAAAAC_A\/vyafH54IiPU\/s1600\/perna.JPG\" style=\"margin-left: 1em; margin-right: 1em;\"><img loading=\"lazy\" decoding=\"async\" border=\"0\" height=\"335\" src=\"http:\/\/2.bp.blogspot.com\/-_TAR589tACc\/T-OCnV3_DtI\/AAAAAAAAC_A\/vyafH54IiPU\/s400\/perna.JPG\" width=\"400\" \/><\/a><\/div>\n<p>Ol\u00e1 meus prezados amigos cultos, ocultos e associados! Como eu j\u00e1 venho informando e muitos de voc\u00eas j\u00e1 sabem, julho \u00e9 o m\u00eas das minhas f\u00e9rias e eu queria aproveitar parte desse tempo livre para os preparativos de transfer\u00eancia e inaugura\u00e7\u00e3o do novo Toque Musical. Penso em transferir nossas atividades para uma base mais independente, sem ter de ficar nas m\u00e3os do Blogger, sujeito \u00e0 chuvas e trovoadas. Por essa raz\u00e3o, j\u00e1 est\u00e1 em fase de conclus\u00e3o o novo site\/blog do TM. Em agosto, com certeza, estaremos de casa nova. Os endere\u00e7os antigos, as filiais, dever\u00e3o permanecer temporariamente, mas nossas atividades ficar\u00e3o concentradas no novo endere\u00e7o. Logo que tudo estiver conclu\u00eddo, todos os associados ao GTM receber\u00e3o o aviso da mudan\u00e7a, ok?<br \/>Mas o motivo maior desta at\u00edpica postagem \u00e9 na verdade outro. Ontem, eu tive um acidente, num trope\u00e7o caminhando pela rua. Levei um belo tombo de bobeira e fui de joelho no ch\u00e3o. Resultado: trinquei um osso e fui parar no Pronto Socorro. O que parecia ser uma bobagem, acabou se transformando num problema mais s\u00e9rio. Estou eu agora aqui sem condi\u00e7\u00f5es para me locomover, de repouso absoluto por uns 30 dias ou mais. Fui obrigado a usar um tutor para manter a minha perna reta. As dores v\u00e3o sendo controladas a base de rem\u00e9dios, que tamb\u00e9m me deixam muito sonolentos. Diante a esse quadro de incapacidade, creio que terei que antecipar as minhas f\u00e9rias. Ou melhor dizendo, antecipar minha pausa no blog. Infelizmente eu n\u00e3o tenho condi\u00e7\u00f5es de ficar preparando novos discos e postagens para voc\u00eas. At\u00e9 que eu consiga voltar a rotina, vamos dar uma parada, ok? Se ao longo dos pr\u00f3ximos dias eu me sentir melhor, talvez at\u00e9 arrisque me levantar da cama para preparar novos toques musicais.<br \/>Nessas horas, m\u00fasica \u00e9 um dos melhores rem\u00e9dios, mas no meu caso eu s\u00f3 tenho condi\u00e7\u00f5es mesmo de ouvir deitadinho e quieto em meu quarto. E por falar nisso, deixa eu voltar para a cama. Minha perna voltou a doer, ai, ai, ai&#8230;<\/p>\n","protected":false},"excerpt":{"rendered":"<p>Ol\u00e1 meus prezados amigos cultos, ocultos e associados! Como eu j\u00e1 venho informando e muitos de voc\u00eas j\u00e1 sabem, julho \u00e9 o m\u00eas das minhas f\u00e9rias e eu queria aproveitar parte desse tempo livre para os preparativos de transfer\u00eancia e &hellip; <a href=\"https:\/\/www.toque-musicall.com\/?p=24\">Continue lendo <span class=\"meta-nav\">&rarr;<\/span><\/a><\/p>\n","protected":false},"author":1,"featured_media":0,"comment_status":"open","ping_status":"closed","sticky":false,"template":"","format":"standard","meta":{"footnotes":""},"categories":[5],"tags":[],"class_list":["post-24","post","type-post","status-publish","format-standard","hentry","category-textostrecos"],"_links":{"self":[{"href":"https:\/\/www.toque-musicall.com\/index.php?rest_route=\/wp\/v2\/posts\/24","targetHints":{"allow":["GET"]}}],"collection":[{"href":"https:\/\/www.toque-musicall.com\/index.php?rest_route=\/wp\/v2\/posts"}],"about":[{"href":"https:\/\/www.toque-musicall.com\/index.php?rest_route=\/wp\/v2\/types\/post"}],"author":[{"embeddable":true,"href":"https:\/\/www.toque-musicall.com\/index.php?rest_route=\/wp\/v2\/users\/1"}],"replies":[{"embeddable":true,"href":"https:\/\/www.toque-musicall.com\/index.php?rest_route=%2Fwp%2Fv2%2Fcomments&post=24"}],"version-history":[{"count":0,"href":"https:\/\/www.toque-musicall.com\/index.php?rest_route=\/wp\/v2\/posts\/24\/revisions"}],"wp:attachment":[{"href":"https:\/\/www.toque-musicall.com\/index.php?rest_route=%2Fwp%2Fv2%2Fmedia&parent=24"}],"wp:term":[{"taxonomy":"category","embeddable":true,"href":"https:\/\/www.toque-musicall.com\/index.php?rest_route=%2Fwp%2Fv2%2Fcategories&post=24"},{"taxonomy":"post_tag","embeddable":true,"href":"https:\/\/www.toque-musicall.com\/index.php?rest_route=%2Fwp%2Fv2%2Ftags&post=24"}],"curies":[{"name":"wp","href":"https:\/\/api.w.org\/{rel}","templated":true}]}}