{"id":2406,"date":"2012-09-03T02:15:48","date_gmt":"2012-09-03T02:15:48","guid":{"rendered":"http:\/\/www.toque-musicall.com\/?p=2406"},"modified":"2012-09-03T02:15:48","modified_gmt":"2012-09-03T02:15:48","slug":"milton-nascimento-milton-1976","status":"publish","type":"post","link":"https:\/\/www.toque-musicall.com\/?p=2406","title":{"rendered":"Milton Nascimento &#8211; Milton (1976)"},"content":{"rendered":"<p><img loading=\"lazy\" decoding=\"async\" class=\"aligncenter\" src=\"http:\/\/1.bp.blogspot.com\/-NL_Hy4xSs1I\/UEQKlqJtzsI\/AAAAAAAADkM\/IFDTL8QQIaU\/s400\/capa+P.JPG\" alt=\"\" width=\"400\" height=\"398\" \/><img loading=\"lazy\" decoding=\"async\" class=\"aligncenter\" src=\"http:\/\/1.bp.blogspot.com\/-BSfhBKCBsrE\/UEQKYfTmZZI\/AAAAAAAADkE\/sbFgen-3s4o\/s400\/contracapap.JPG\" alt=\"\" width=\"400\" height=\"397\" \/><\/p>\n<p>Boa noite amigos cultos, ocultos e associados! Hoje eu vou lan\u00e7ar m\u00e3o de mais um \u2018disco de gaveta\u2019. Cheguei em casa agora h\u00e1 pouco e sem condi\u00e7\u00f5es de ficar muito tempo em frente a tela do computador.. T\u00f4 dormindo em p\u00e9! Mas antes de correr para cama vou deixando aqui o meu recado.<\/p>\n<p>Vamos como este maravilhoso trabalho de Milton Nascimento, gravado em Los Angeles, nos anos 70. Disco primoroso que conta com feras com Novelli, Toninho Horta, Herbie Hancock, Wayne Shorter, Hugo Fattoruso, Airto Moreira, Raul de Souza e outros. Na minha opini\u00e3o, um dos melhores disco do Bituca. Confiram, mas s\u00f3 amanh\u00e3, ok? Agora eu vou \u00e9 dormir! Mais uma vez, boa noite.<\/p>\n<p align=\"center\">race &#8211; ra\u00e7a<\/p>\n<p align=\"center\">fairy tale song &#8211; cad\u00ea<\/p>\n<p align=\"center\">francisco<\/p>\n<p align=\"center\">nothing will be as it was &#8211; nada ser\u00e1 como antes<\/p>\n<p align=\"center\">clove and cinnamon &#8211; cravo e canela<\/p>\n<p align=\"center\">the call &#8211; chamada<\/p>\n<p align=\"center\">one coin &#8211; tost\u00e3o<\/p>\n<p align=\"center\">exits and flags &#8211; sa\u00eddas e bandeiras<\/p>\n<p align=\"center\">the people \u2013 os povos<\/p>\n<p align=\"center\">\n<p align=\"center\">\n","protected":false},"excerpt":{"rendered":"<p>Boa noite amigos cultos, ocultos e associados! Hoje eu vou lan\u00e7ar m\u00e3o de mais um \u2018disco de gaveta\u2019. Cheguei em casa agora h\u00e1 pouco e sem condi\u00e7\u00f5es de ficar muito tempo em frente a tela do computador.. T\u00f4 dormindo em &hellip; <a href=\"https:\/\/www.toque-musicall.com\/?p=2406\">Continue lendo <span class=\"meta-nav\">&rarr;<\/span><\/a><\/p>\n","protected":false},"author":1,"featured_media":0,"comment_status":"open","ping_status":"closed","sticky":false,"template":"","format":"standard","meta":{"footnotes":""},"categories":[322,244],"tags":[],"class_list":["post-2406","post","type-post","status-publish","format-standard","hentry","category-milton-nascimento","category-selo-emi-odeon"],"_links":{"self":[{"href":"https:\/\/www.toque-musicall.com\/index.php?rest_route=\/wp\/v2\/posts\/2406","targetHints":{"allow":["GET"]}}],"collection":[{"href":"https:\/\/www.toque-musicall.com\/index.php?rest_route=\/wp\/v2\/posts"}],"about":[{"href":"https:\/\/www.toque-musicall.com\/index.php?rest_route=\/wp\/v2\/types\/post"}],"author":[{"embeddable":true,"href":"https:\/\/www.toque-musicall.com\/index.php?rest_route=\/wp\/v2\/users\/1"}],"replies":[{"embeddable":true,"href":"https:\/\/www.toque-musicall.com\/index.php?rest_route=%2Fwp%2Fv2%2Fcomments&post=2406"}],"version-history":[{"count":1,"href":"https:\/\/www.toque-musicall.com\/index.php?rest_route=\/wp\/v2\/posts\/2406\/revisions"}],"predecessor-version":[{"id":2407,"href":"https:\/\/www.toque-musicall.com\/index.php?rest_route=\/wp\/v2\/posts\/2406\/revisions\/2407"}],"wp:attachment":[{"href":"https:\/\/www.toque-musicall.com\/index.php?rest_route=%2Fwp%2Fv2%2Fmedia&parent=2406"}],"wp:term":[{"taxonomy":"category","embeddable":true,"href":"https:\/\/www.toque-musicall.com\/index.php?rest_route=%2Fwp%2Fv2%2Fcategories&post=2406"},{"taxonomy":"post_tag","embeddable":true,"href":"https:\/\/www.toque-musicall.com\/index.php?rest_route=%2Fwp%2Fv2%2Ftags&post=2406"}],"curies":[{"name":"wp","href":"https:\/\/api.w.org\/{rel}","templated":true}]}}