{"id":241,"date":"2011-11-18T08:29:00","date_gmt":"2011-11-18T08:29:00","guid":{"rendered":"http:\/\/www.toque-musicall.com\/?p=241"},"modified":"2011-11-18T08:29:00","modified_gmt":"2011-11-18T08:29:00","slug":"clube-do-camelo-1995","status":"publish","type":"post","link":"https:\/\/www.toque-musicall.com\/?p=241","title":{"rendered":"Clube Do Camelo (1995)"},"content":{"rendered":"<p><a href=\"http:\/\/2.bp.blogspot.com\/-MAUE3SPyMlI\/TsYeYVrABgI\/AAAAAAAAAmA\/EIq_-fxhiGg\/s1600\/Capa+P.JPG\"><img decoding=\"async\" style=\"display:block; margin:0px auto 10px; text-align:center;cursor:pointer; cursor:hand;width: 399px; height: 400px;\" src=\"http:\/\/2.bp.blogspot.com\/-MAUE3SPyMlI\/TsYeYVrABgI\/AAAAAAAAAmA\/EIq_-fxhiGg\/s400\/Capa+P.JPG\" border=\"0\" alt=\"\" id=\"BLOGGER_PHOTO_ID_5676257783830283778\" \/><\/a>Bom dia, amigos cultos e ocultos! Chegamos a mais uma sexta independente, dia onde apresentamos aqui os artistas\/discos independentes, aqueles que lan\u00e7am seus trabalhos de forma alternativa, longe do julgo comercial imposto pelas grandes e decadentes gravadoras.<\/p>\n<div>Meus amigos,  aproveito essa introdu\u00e7\u00e3o para tamb\u00e9m me desculpar por ainda n\u00e3o ter renovado os velhos toques solicitados. Infelizmente, meu tempo para o blog tem se limitado aos 10 minutos de publica\u00e7\u00e3o e uma horinha para a digitaliza\u00e7\u00e3o. Mas vou achar um jeito de ir repondo o que est\u00e1 desatualizado. Enquanto isso, v\u00e3o conferindo as novidades. Essas nunca faltam, enquanto houver aten\u00e7\u00e3o do p\u00fablico, claro!<\/div>\n<div>Hoje eu tenho para voc\u00eas o disco do conjunto &#8220;Clube do Camelo&#8221;. Fiquei conhecendo essa agremia\u00e7\u00e3o h\u00e1 poucas semanas atr\u00e1s. Chamo agremia\u00e7\u00e3o, porque o grupo musical aqui \u00e9 algo assim parecido. Formado no final dos anos 80 por uma turma de amigos paraenses, todos profissionais de outras \u00e1reas, mas com um prop\u00f3sito comum, se reunirem para juntos tocar e  fazer m\u00fasica. Segundo relata Almir Morisson, um dos fundadores do clube, o nome surgiu por conta de um convidado que veio participar de um dos encontros musicais. H\u00e1 um certa altura, morto de s\u00eade, perguntou com humor se n\u00e3o havia ali algo para se beber (at\u00e9 mesmo \u00e1gua). Completou na goza\u00e7\u00e3o dizendo que o encontro parecia festa de camelos, n\u00e3o tinha nem \u00e1gua. Foi da\u00ed que se formalizou o Clube do Camelo. Pelo que eu entendi, ao longo desses vinte anos essa turma tem se encontrado regularmente para a festa e dessas foram surgindo as cria\u00e7\u00f5es musicais. Composi\u00e7\u00f5es inspiradas e de qualidade, consequentemente acabaram gerando frutos, os discos e as apresenta\u00e7\u00f5es. Almir me enviou os dois primeiros discos gravados por eles. Eu queria at\u00e9 postar de uma s\u00f3 vez os dois trabalhos, mas faltou a capinha e encartes do segundo disco. Deixemos ent\u00e3o este para uma pr\u00f3xima postagem. Com certeza, ap\u00f3s ouvir o primeiro, voc\u00eas ir\u00e3o tamb\u00e9m querer conhecer o segundo \ud83d\ude42 Temos aqui uma sequ\u00eancia de sambas, bai\u00e3o, fado, bolero, marcha, can\u00e7\u00e3o&#8230; puxa, essa turma \u00e9 bem ecl\u00e9tica! \ud83d\ude42<\/div>\n<div><\/div>\n<div style=\"text-align: center;\">hino do clube do camelo<\/div>\n<div style=\"text-align: center;\">sil\u00eancio<\/div>\n<div style=\"text-align: center;\">na dan\u00e7a do boi<\/div>\n<div style=\"text-align: center;\">u\u00edsque com mel<\/div>\n<div style=\"text-align: center;\">fado antigo<\/div>\n<div style=\"text-align: center;\">vou me queixar de qu\u00ea<\/div>\n<div style=\"text-align: center;\">estrela guia<\/div>\n<div style=\"text-align: center;\">grudado no cora\u00e7\u00e3o<\/div>\n<div style=\"text-align: center;\">ramas samar<\/div>\n<div style=\"text-align: center;\">por essa e outras<\/div>\n<div style=\"text-align: center;\">aus\u00eancia<\/div>\n<div style=\"text-align: center;\">tudo bem<\/div>\n<div style=\"text-align: center;\">saudade caiap\u00f3<\/div>\n<div style=\"text-align: center;\">bom dia<\/div>\n<div style=\"text-align: center;\">foi adeus<\/div>\n<div style=\"text-align: center;\">fogo de palha<\/div>\n<div style=\"text-align: center;\">choro bom<\/div>\n<div style=\"text-align: center;\"><\/div>\n<div style=\"text-align: center;\"><\/div>\n<div style=\"text-align: center;\"><\/div>\n","protected":false},"excerpt":{"rendered":"<p>Bom dia, amigos cultos e ocultos! Chegamos a mais uma sexta independente, dia onde apresentamos aqui os artistas\/discos independentes, aqueles que lan\u00e7am seus trabalhos de forma alternativa, longe do julgo comercial imposto pelas grandes e decadentes gravadoras. Meus amigos, aproveito &hellip; <a href=\"https:\/\/www.toque-musicall.com\/?p=241\">Continue lendo <span class=\"meta-nav\">&rarr;<\/span><\/a><\/p>\n","protected":false},"author":1,"featured_media":0,"comment_status":"open","ping_status":"closed","sticky":false,"template":"","format":"standard","meta":{"footnotes":""},"categories":[393,25],"tags":[],"class_list":["post-241","post","type-post","status-publish","format-standard","hentry","category-clube-do-camelo","category-selo-independente"],"_links":{"self":[{"href":"https:\/\/www.toque-musicall.com\/index.php?rest_route=\/wp\/v2\/posts\/241","targetHints":{"allow":["GET"]}}],"collection":[{"href":"https:\/\/www.toque-musicall.com\/index.php?rest_route=\/wp\/v2\/posts"}],"about":[{"href":"https:\/\/www.toque-musicall.com\/index.php?rest_route=\/wp\/v2\/types\/post"}],"author":[{"embeddable":true,"href":"https:\/\/www.toque-musicall.com\/index.php?rest_route=\/wp\/v2\/users\/1"}],"replies":[{"embeddable":true,"href":"https:\/\/www.toque-musicall.com\/index.php?rest_route=%2Fwp%2Fv2%2Fcomments&post=241"}],"version-history":[{"count":0,"href":"https:\/\/www.toque-musicall.com\/index.php?rest_route=\/wp\/v2\/posts\/241\/revisions"}],"wp:attachment":[{"href":"https:\/\/www.toque-musicall.com\/index.php?rest_route=%2Fwp%2Fv2%2Fmedia&parent=241"}],"wp:term":[{"taxonomy":"category","embeddable":true,"href":"https:\/\/www.toque-musicall.com\/index.php?rest_route=%2Fwp%2Fv2%2Fcategories&post=241"},{"taxonomy":"post_tag","embeddable":true,"href":"https:\/\/www.toque-musicall.com\/index.php?rest_route=%2Fwp%2Fv2%2Ftags&post=241"}],"curies":[{"name":"wp","href":"https:\/\/api.w.org\/{rel}","templated":true}]}}