{"id":2410,"date":"2012-09-04T22:21:09","date_gmt":"2012-09-04T22:21:09","guid":{"rendered":"http:\/\/www.toque-musicall.com\/?p=2410"},"modified":"2012-09-04T22:21:09","modified_gmt":"2012-09-04T22:21:09","slug":"marcia-vol-ii-1969","status":"publish","type":"post","link":"https:\/\/www.toque-musicall.com\/?p=2410","title":{"rendered":"M\u00e1rcia &#8211; Vol. II (1969)"},"content":{"rendered":"<p><img loading=\"lazy\" decoding=\"async\" class=\"aligncenter\" src=\"http:\/\/3.bp.blogspot.com\/-2PQZFo6EFPE\/UEZzOCbUcnI\/AAAAAAAADmM\/mAbDJT11_vA\/s400\/capaP.JPG\" alt=\"\" width=\"400\" height=\"394\" \/><img loading=\"lazy\" decoding=\"async\" class=\"aligncenter\" src=\"http:\/\/3.bp.blogspot.com\/-_at5heYqLKY\/UEZzGtv8EHI\/AAAAAAAADmE\/3RLpt7Tb4E0\/s400\/contracapaP.JPG\" alt=\"\" width=\"400\" height=\"398\" \/><\/p>\n<p>Boa noite, amigos cultos, ocultos e associados! Eu estava hoje para postar um disco da Joyce, gosto muito do trabalho dela. Mas para contradizer a inten\u00e7\u00e3o, descobri que o \u00e1lbum foi relan\u00e7ado em cd h\u00e1 alguns anos atr\u00e1s. Certamente ainda podemos encontrar para venda. Assim sendo, melhor deixarmos a mo\u00e7a do viol\u00e3o vendendo no Jap\u00e3o \ud83d\ude42<\/p>\n<p>Vamos com outra, vamos com a cantora M\u00e1rcia. Esta fez muito sucesso nas d\u00e9cadas de 60 e 70. Paulista, come\u00e7ou a carreira com pouco mais de 15 anos. Cantou em diversas r\u00e1dios, boates, emissoras de tv e em festivais. Entre os seus maiores sucessos podemos destacar \u201cRonda\u201d, de Paulo Vanzolini e \u201cEu e a brisa\u201d, de Johnny Alf. Nos anos 70 ela integrou o memor\u00e1vel show, \u201cO importante \u00e9 que a nossa emo\u00e7\u00e3o sobreviva\u201d, ao lado de Eduardo Gudin e Paulo C\u00e9sar Pinheiro, que originou o disco. Ali\u00e1s, os discos, pois o show renderia ainda mais um lp, um ano depois.<\/p>\n<p>Neste lp, o seu segundo disco, vamos encontrar um repert\u00f3rio de gemas finas, com destaque para umas cinco m\u00fasicas de Johnny Alf.. Mas n\u00e3o fica s\u00f3 nisso, tem tamb\u00e9m Dorival Caymmi em parceria com Paulo Tapaj\u00f3s e Eduardo Souto; Milton Nascimento, Baden Powell; Walter Santos; Edu Lobo e Vinicius&#8230; e mais&#8230; Bel\u00edssimo disco, produzido por Armando Pittigliani e com dire\u00e7\u00e3o musical e arranjos do maestro Jos\u00e9 Briamonte.<\/p>\n<p>&nbsp;<\/p>\n<p align=\"center\">ilus\u00e3o \u00e0 toa<\/p>\n<p align=\"center\">sorriso antigo<\/p>\n<p align=\"center\">canto pra dizer-te adeus<\/p>\n<p align=\"center\">bo\u00eamio do samba<\/p>\n<p align=\"center\">tarde<\/p>\n<p align=\"center\">elegia<\/p>\n<p align=\"center\">pra voc\u00ea<\/p>\n<p align=\"center\">viu<\/p>\n<p align=\"center\">o tempo e o vento<\/p>\n<p align=\"center\">aperto de m\u00e3o<\/p>\n<p align=\"center\">canto livre<\/p>\n<p align=\"center\">n\u00e3o tem solu\u00e7\u00e3o<\/p>\n<p align=\"center\">se eu te disser<\/p>\n<p align=\"center\">\n","protected":false},"excerpt":{"rendered":"<p>Boa noite, amigos cultos, ocultos e associados! Eu estava hoje para postar um disco da Joyce, gosto muito do trabalho dela. Mas para contradizer a inten\u00e7\u00e3o, descobri que o \u00e1lbum foi relan\u00e7ado em cd h\u00e1 alguns anos atr\u00e1s. Certamente ainda &hellip; <a href=\"https:\/\/www.toque-musicall.com\/?p=2410\">Continue lendo <span class=\"meta-nav\">&rarr;<\/span><\/a><\/p>\n","protected":false},"author":1,"featured_media":0,"comment_status":"open","ping_status":"closed","sticky":false,"template":"","format":"standard","meta":{"footnotes":""},"categories":[491,48],"tags":[],"class_list":["post-2410","post","type-post","status-publish","format-standard","hentry","category-marcia","category-selo-philips"],"_links":{"self":[{"href":"https:\/\/www.toque-musicall.com\/index.php?rest_route=\/wp\/v2\/posts\/2410","targetHints":{"allow":["GET"]}}],"collection":[{"href":"https:\/\/www.toque-musicall.com\/index.php?rest_route=\/wp\/v2\/posts"}],"about":[{"href":"https:\/\/www.toque-musicall.com\/index.php?rest_route=\/wp\/v2\/types\/post"}],"author":[{"embeddable":true,"href":"https:\/\/www.toque-musicall.com\/index.php?rest_route=\/wp\/v2\/users\/1"}],"replies":[{"embeddable":true,"href":"https:\/\/www.toque-musicall.com\/index.php?rest_route=%2Fwp%2Fv2%2Fcomments&post=2410"}],"version-history":[{"count":1,"href":"https:\/\/www.toque-musicall.com\/index.php?rest_route=\/wp\/v2\/posts\/2410\/revisions"}],"predecessor-version":[{"id":2411,"href":"https:\/\/www.toque-musicall.com\/index.php?rest_route=\/wp\/v2\/posts\/2410\/revisions\/2411"}],"wp:attachment":[{"href":"https:\/\/www.toque-musicall.com\/index.php?rest_route=%2Fwp%2Fv2%2Fmedia&parent=2410"}],"wp:term":[{"taxonomy":"category","embeddable":true,"href":"https:\/\/www.toque-musicall.com\/index.php?rest_route=%2Fwp%2Fv2%2Fcategories&post=2410"},{"taxonomy":"post_tag","embeddable":true,"href":"https:\/\/www.toque-musicall.com\/index.php?rest_route=%2Fwp%2Fv2%2Ftags&post=2410"}],"curies":[{"name":"wp","href":"https:\/\/api.w.org\/{rel}","templated":true}]}}