{"id":2416,"date":"2012-09-07T01:28:06","date_gmt":"2012-09-07T01:28:06","guid":{"rendered":"http:\/\/www.toque-musicall.com\/?p=2416"},"modified":"2012-09-07T01:28:06","modified_gmt":"2012-09-07T01:28:06","slug":"maria-alcina-plenitude-1979","status":"publish","type":"post","link":"https:\/\/www.toque-musicall.com\/?p=2416","title":{"rendered":"Maria Alcina &#8211; Plenitude (1979)"},"content":{"rendered":"<p><img loading=\"lazy\" decoding=\"async\" class=\"aligncenter\" src=\"http:\/\/2.bp.blogspot.com\/-BqqAG0lZ2AQ\/UElADzZyAsI\/AAAAAAAADn0\/6Az2H4xyccQ\/s400\/capap.JPG\" alt=\"\" width=\"400\" height=\"394\" \/><img loading=\"lazy\" decoding=\"async\" class=\"aligncenter\" src=\"http:\/\/2.bp.blogspot.com\/-6tGkfb5W8cc\/UEk_-FEGpUI\/AAAAAAAADns\/01HMSvwOG5s\/s400\/contracapap.JPG\" alt=\"\" width=\"400\" height=\"396\" \/><\/p>\n<p>Boa noite amigos cultos, ocultos e associados de plant\u00e3o! E a vida continua para quem pode estar vivo, aos demais, que tenham um bom descanso. Bola pra frente e toque tamb\u00e9m&#8230;<\/p>\n<p>Hoje o nosso encontro vai ser com a cantora Maria Alcina. Mineira de Cataguases, apareceu para o p\u00fablico em 1972, no Festival Internacional da Can\u00e7\u00e3o, onde defendeu a m\u00fasica \u201cFio Maravilha\u201d, de Jorge Bem, a qual foi classificada na fase nacional. Gravou seu primeiro disco em 73, trazendo entre outras \u201cAl\u00f4, al\u00f4..\u201d, grande sucesso de Carmem Miranda. \u201cPlenitude\u201d era o nome do show da cantora, que chegou a ter problemas com a censura por conta de m\u00fasicas com duplo sentido. Lembram-se de \u201c\u00c9 mais embaixo\u201d? Ela fez sucesso com essa m\u00fasica e seu show acabou lhe rendendo este lp de mesmo nome. Vamos encontrar no \u00e1lbum um repert\u00f3rio de primeira, com m\u00fasicas de Rita Lee, Eduardo Dusek, Morais Moreira, Walter Franco e outros no mesmo calibre. H\u00e1 tamb\u00e9m a participa\u00e7\u00e3o de Adoniran Barbosa na faixa \u201cTorresmo a milanesa\u201d, dele e Carlinhos Vergueiro. Sem d\u00favida, um muito bom disco \ud83d\ude42 Querem ouvir? Ent\u00e3o d\u00eaem o toque \ud83d\ude09<\/p>\n<p align=\"center\">tua sedu\u00e7\u00e3o<\/p>\n<p align=\"center\">tum tum<\/p>\n<p align=\"center\">escandalosa<\/p>\n<p align=\"center\">folia no matagal<\/p>\n<p align=\"center\">n\u00e3o venha tarde demais<\/p>\n<p align=\"center\">quase<\/p>\n<p align=\"center\">haja o que houver<\/p>\n<p align=\"center\">torresmos a milanesa<\/p>\n<p align=\"center\">nova bandeira<\/p>\n<p align=\"center\">voz da am\u00e9rica<\/p>\n<p align=\"center\">\u00e9 mais embaixo<\/p>\n<p align=\"center\">plenitude<\/p>\n<p>&nbsp;<\/p>\n","protected":false},"excerpt":{"rendered":"<p>Boa noite amigos cultos, ocultos e associados de plant\u00e3o! E a vida continua para quem pode estar vivo, aos demais, que tenham um bom descanso. Bola pra frente e toque tamb\u00e9m&#8230; Hoje o nosso encontro vai ser com a cantora &hellip; <a href=\"https:\/\/www.toque-musicall.com\/?p=2416\">Continue lendo <span class=\"meta-nav\">&rarr;<\/span><\/a><\/p>\n","protected":false},"author":1,"featured_media":0,"comment_status":"open","ping_status":"closed","sticky":false,"template":"","format":"standard","meta":{"footnotes":""},"categories":[2040,152],"tags":[],"class_list":["post-2416","post","type-post","status-publish","format-standard","hentry","category-maria-alcina","category-selo-copacabana"],"_links":{"self":[{"href":"https:\/\/www.toque-musicall.com\/index.php?rest_route=\/wp\/v2\/posts\/2416","targetHints":{"allow":["GET"]}}],"collection":[{"href":"https:\/\/www.toque-musicall.com\/index.php?rest_route=\/wp\/v2\/posts"}],"about":[{"href":"https:\/\/www.toque-musicall.com\/index.php?rest_route=\/wp\/v2\/types\/post"}],"author":[{"embeddable":true,"href":"https:\/\/www.toque-musicall.com\/index.php?rest_route=\/wp\/v2\/users\/1"}],"replies":[{"embeddable":true,"href":"https:\/\/www.toque-musicall.com\/index.php?rest_route=%2Fwp%2Fv2%2Fcomments&post=2416"}],"version-history":[{"count":1,"href":"https:\/\/www.toque-musicall.com\/index.php?rest_route=\/wp\/v2\/posts\/2416\/revisions"}],"predecessor-version":[{"id":2417,"href":"https:\/\/www.toque-musicall.com\/index.php?rest_route=\/wp\/v2\/posts\/2416\/revisions\/2417"}],"wp:attachment":[{"href":"https:\/\/www.toque-musicall.com\/index.php?rest_route=%2Fwp%2Fv2%2Fmedia&parent=2416"}],"wp:term":[{"taxonomy":"category","embeddable":true,"href":"https:\/\/www.toque-musicall.com\/index.php?rest_route=%2Fwp%2Fv2%2Fcategories&post=2416"},{"taxonomy":"post_tag","embeddable":true,"href":"https:\/\/www.toque-musicall.com\/index.php?rest_route=%2Fwp%2Fv2%2Ftags&post=2416"}],"curies":[{"name":"wp","href":"https:\/\/api.w.org\/{rel}","templated":true}]}}