{"id":2419,"date":"2012-09-07T23:29:00","date_gmt":"2012-09-07T23:29:00","guid":{"rendered":"http:\/\/www.toque-musicall.com\/?p=2419"},"modified":"2014-06-18T18:42:50","modified_gmt":"2014-06-18T21:42:50","slug":"jair-rodrigues-jair-de-todos-os-santos-1969","status":"publish","type":"post","link":"https:\/\/www.toque-musicall.com\/?p=2419","title":{"rendered":"Jair Rodrigues &#8211; Jair De Todos Os Sambas (1969)"},"content":{"rendered":"<p><img loading=\"lazy\" decoding=\"async\" class=\"aligncenter\" alt=\"\" src=\"http:\/\/2.bp.blogspot.com\/-aiix8gqOnso\/UEp7i6HZqfI\/AAAAAAAADo0\/w_KqfwuNaag\/s400\/capap.JPG\" width=\"400\" height=\"399\" \/><img loading=\"lazy\" decoding=\"async\" class=\"aligncenter\" alt=\"\" src=\"http:\/\/4.bp.blogspot.com\/-KPpgs_EXxjc\/UEp7ZzZX5tI\/AAAAAAAADos\/tA9XlQhG5DI\/s400\/contracapap.JPG\" width=\"393\" height=\"400\" \/><\/p>\n<p>Boa noite amigos cultos, ocultos e associados! Hoje, 7 de Setembro, eu deveria estar apresentando aqui algum disco relacionado ao tema da Independ\u00eancia, ou algo assim. Mas, confesso que n\u00e3o tive muito \u00e2nimo e nem nada pronto em meus \u2018discos de gaveta\u2019. Por outra, achei aqui este disco do Jair Rodrigues. Gosto muito dessa fase (anos 60) do Jair, n\u00e3o apenas por um repert\u00f3rio de qualidade, mas tamb\u00e9m pelos arranjos, que at\u00e9 ent\u00e3o eram feitos com muito zelo e por gente competente. \u201cJair de todos os sambas\u201d \u00e9 um t\u00edtulo que j\u00e1 diz tudo. Aqui encontraremos uma sele\u00e7\u00e3o de sambas de sucesso, muitos deles nascidos na voz do pr\u00f3prio artista. Um bom disco, que mesmo j\u00e1 bem divulgado em outros blogs, merece o nosso toque. \ud83d\ude42<\/p>\n<p align=\"center\">bahia de todos os deuses<\/p>\n<p align=\"center\">bloco do sujo<\/p>\n<p align=\"center\">levanta a cabe\u00e7a<\/p>\n<p align=\"center\">avenida iluminada<\/p>\n<p align=\"center\">enxuga a tristeza do olhar<\/p>\n<p align=\"center\">em nome da lua, da mulata e do samba<\/p>\n<p align=\"center\">casa de bamba<\/p>\n<p align=\"center\">v\u00ea que luar<\/p>\n<p align=\"center\">pra que dinheiro<\/p>\n<p align=\"center\">o conde<\/p>\n<p align=\"center\">na brincadeira do mundo<\/p>\n<p align=\"center\">feiticeira<\/p>\n<p align=\"center\">olel\u00ea, cheguei agora<\/p>\n<p align=\"center\">quem entra na roda \u00e9 rei<\/p>\n<p style=\"text-align: center;\">leva meu samba<\/p>\n<p style=\"text-align: center;\">\n","protected":false},"excerpt":{"rendered":"<p>Boa noite amigos cultos, ocultos e associados! Hoje, 7 de Setembro, eu deveria estar apresentando aqui algum disco relacionado ao tema da Independ\u00eancia, ou algo assim. Mas, confesso que n\u00e3o tive muito \u00e2nimo e nem nada pronto em meus \u2018discos &hellip; <a href=\"https:\/\/www.toque-musicall.com\/?p=2419\">Continue lendo <span class=\"meta-nav\">&rarr;<\/span><\/a><\/p>\n","protected":false},"author":1,"featured_media":0,"comment_status":"open","ping_status":"closed","sticky":false,"template":"","format":"standard","meta":{"footnotes":""},"categories":[43,48],"tags":[],"class_list":["post-2419","post","type-post","status-publish","format-standard","hentry","category-jair-rodrigues","category-selo-philips"],"_links":{"self":[{"href":"https:\/\/www.toque-musicall.com\/index.php?rest_route=\/wp\/v2\/posts\/2419","targetHints":{"allow":["GET"]}}],"collection":[{"href":"https:\/\/www.toque-musicall.com\/index.php?rest_route=\/wp\/v2\/posts"}],"about":[{"href":"https:\/\/www.toque-musicall.com\/index.php?rest_route=\/wp\/v2\/types\/post"}],"author":[{"embeddable":true,"href":"https:\/\/www.toque-musicall.com\/index.php?rest_route=\/wp\/v2\/users\/1"}],"replies":[{"embeddable":true,"href":"https:\/\/www.toque-musicall.com\/index.php?rest_route=%2Fwp%2Fv2%2Fcomments&post=2419"}],"version-history":[{"count":4,"href":"https:\/\/www.toque-musicall.com\/index.php?rest_route=\/wp\/v2\/posts\/2419\/revisions"}],"predecessor-version":[{"id":4284,"href":"https:\/\/www.toque-musicall.com\/index.php?rest_route=\/wp\/v2\/posts\/2419\/revisions\/4284"}],"wp:attachment":[{"href":"https:\/\/www.toque-musicall.com\/index.php?rest_route=%2Fwp%2Fv2%2Fmedia&parent=2419"}],"wp:term":[{"taxonomy":"category","embeddable":true,"href":"https:\/\/www.toque-musicall.com\/index.php?rest_route=%2Fwp%2Fv2%2Fcategories&post=2419"},{"taxonomy":"post_tag","embeddable":true,"href":"https:\/\/www.toque-musicall.com\/index.php?rest_route=%2Fwp%2Fv2%2Ftags&post=2419"}],"curies":[{"name":"wp","href":"https:\/\/api.w.org\/{rel}","templated":true}]}}