{"id":242,"date":"2011-11-17T09:01:00","date_gmt":"2011-11-17T09:01:00","guid":{"rendered":"http:\/\/www.toque-musicall.com\/?p=242"},"modified":"2011-11-17T09:01:00","modified_gmt":"2011-11-17T09:01:00","slug":"maria-creuza-de-onde-vens-1972","status":"publish","type":"post","link":"https:\/\/www.toque-musicall.com\/?p=242","title":{"rendered":"Maria Creuza &#8211; De Onde Vens (1972)"},"content":{"rendered":"<p><a href=\"http:\/\/2.bp.blogspot.com\/-LC2U20h_VMQ\/TsTOC33IOuI\/AAAAAAAAAl0\/DnqpazlkOaU\/s1600\/maria+P.JPG\"><img decoding=\"async\" style=\"display:block; margin:0px auto 10px; text-align:center;cursor:pointer; cursor:hand;width: 397px; height: 400px;\" src=\"http:\/\/2.bp.blogspot.com\/-LC2U20h_VMQ\/TsTOC33IOuI\/AAAAAAAAAl0\/DnqpazlkOaU\/s400\/maria+P.JPG\" border=\"0\" alt=\"\" id=\"BLOGGER_PHOTO_ID_5675887979143903970\" \/><\/a>Bom dia, amigos cultos e ocultos! Hoje vamos ligeirinho&#8230; estou cheio de costura, como dizia a minha tia. Muito servi\u00e7o e pouco tempo livre. Enquanto sa\u00ed o caf\u00e9, vamos ao disco do dia \ud83d\ude42<br \/><a href=\"http:\/\/2.bp.blogspot.com\/-CDzBwsoX2ZU\/TsTN8V6eeVI\/AAAAAAAAAlo\/TmuCs9TRdxg\/s1600\/capa+argentina.jpg\"><img decoding=\"async\" style=\"float:left; margin:0 10px 10px 0;cursor:pointer; cursor:hand;width: 200px; height: 200px;\" src=\"http:\/\/2.bp.blogspot.com\/-CDzBwsoX2ZU\/TsTN8V6eeVI\/AAAAAAAAAlo\/TmuCs9TRdxg\/s200\/capa+argentina.jpg\" border=\"0\" alt=\"\" id=\"BLOGGER_PHOTO_ID_5675887866951924050\" \/><\/a>Hoje eu tenho para voc\u00eas a Maria Creuza, grande cantora baiana, em um \u00e1lbum lan\u00e7ado originalmente na Argentina. Ali\u00e1s, me parece (salvo o engano), a grava\u00e7\u00e3o tamb\u00e9m foi feita por l\u00e1, lan\u00e7ado atrav\u00e9s do selo Trova. A capa, inclusive, era outra (a da imagem pequena). No Brasil o disco saiu no mesmo ano de lan\u00e7amento na Argentina, 1972, mas com outra capa. Me parece tamb\u00e9m que no seu relan\u00e7amento em cd a capa j\u00e1 surge com o t\u00edtulo &#8220;De onde vens&#8221;, coisa que n\u00e3o constava no vinil nacional. Um outro fato que refor\u00e7a a minha suposi\u00e7\u00e3o do disco ter sido mesmo gravado na Argentina \u00e9 a participa\u00e7\u00e3o especial de Sebasti\u00e3o Tapaj\u00f3s e Pedro (Sorongo) Santos, que naquela \u00e9poca tamb\u00e9m estavam por l\u00e1 fazendo grava\u00e7\u00f5es e apresenta\u00e7\u00f5es.<\/p>\n<div>O \u00e1lbum de Maria Creuza \u00e9 bel\u00edssimo, bem produzido e trazendo um repert\u00f3rio refinado com m\u00fasicas de Dorival Caymmi; Johnny Alf; Antonio Carlos e Jocafi; Dori Caymmi e Nelson Motta; Toquinho e Vinicius, Jobim e Newton Mendon\u00e7a; Pixinguinha e Braguinha&#8230; Putz, s\u00f3 j\u00f3ia rara! Quem ainda n\u00e3o ouviu este disco, eu recomendo&#8230;<\/div>\n<div><\/div>\n<div style=\"text-align: center;\">de onde vens<\/div>\n<div style=\"text-align: center;\">voc\u00ea j\u00e1 foi \u00e0 bahia?<\/div>\n<div style=\"text-align: center;\">eu e a brisa<\/div>\n<div style=\"text-align: center;\">queixas<\/div>\n<div style=\"text-align: center;\">jo\u00e3o valent\u00e3o<\/div>\n<div style=\"text-align: center;\">mas que doidice<\/div>\n<div style=\"text-align: center;\">ossain<\/div>\n<div style=\"text-align: center;\">foi a noite<\/div>\n<div style=\"text-align: center;\">morena flor<\/div>\n<div style=\"text-align: center;\">carinhoso<\/div>\n<div style=\"text-align: center;\">insensatez<\/div>\n<div style=\"text-align: center;\">voc\u00ea abusou<\/div>\n<div style=\"text-align: center;\"><\/div>\n<div style=\"text-align: center;\"><\/div>\n","protected":false},"excerpt":{"rendered":"<p>Bom dia, amigos cultos e ocultos! Hoje vamos ligeirinho&#8230; estou cheio de costura, como dizia a minha tia. Muito servi\u00e7o e pouco tempo livre. Enquanto sa\u00ed o caf\u00e9, vamos ao disco do dia \ud83d\ude42Hoje eu tenho para voc\u00eas a Maria &hellip; <a href=\"https:\/\/www.toque-musicall.com\/?p=242\">Continue lendo <span class=\"meta-nav\">&rarr;<\/span><\/a><\/p>\n","protected":false},"author":1,"featured_media":0,"comment_status":"open","ping_status":"closed","sticky":false,"template":"","format":"standard","meta":{"footnotes":""},"categories":[426,424,425,153],"tags":[],"class_list":["post-242","post","type-post","status-publish","format-standard","hentry","category-maria-creuza","category-pedro-santos","category-pedro-sorongo","category-selo-rge"],"_links":{"self":[{"href":"https:\/\/www.toque-musicall.com\/index.php?rest_route=\/wp\/v2\/posts\/242","targetHints":{"allow":["GET"]}}],"collection":[{"href":"https:\/\/www.toque-musicall.com\/index.php?rest_route=\/wp\/v2\/posts"}],"about":[{"href":"https:\/\/www.toque-musicall.com\/index.php?rest_route=\/wp\/v2\/types\/post"}],"author":[{"embeddable":true,"href":"https:\/\/www.toque-musicall.com\/index.php?rest_route=\/wp\/v2\/users\/1"}],"replies":[{"embeddable":true,"href":"https:\/\/www.toque-musicall.com\/index.php?rest_route=%2Fwp%2Fv2%2Fcomments&post=242"}],"version-history":[{"count":0,"href":"https:\/\/www.toque-musicall.com\/index.php?rest_route=\/wp\/v2\/posts\/242\/revisions"}],"wp:attachment":[{"href":"https:\/\/www.toque-musicall.com\/index.php?rest_route=%2Fwp%2Fv2%2Fmedia&parent=242"}],"wp:term":[{"taxonomy":"category","embeddable":true,"href":"https:\/\/www.toque-musicall.com\/index.php?rest_route=%2Fwp%2Fv2%2Fcategories&post=242"},{"taxonomy":"post_tag","embeddable":true,"href":"https:\/\/www.toque-musicall.com\/index.php?rest_route=%2Fwp%2Fv2%2Ftags&post=242"}],"curies":[{"name":"wp","href":"https:\/\/api.w.org\/{rel}","templated":true}]}}