{"id":2427,"date":"2012-09-09T23:08:38","date_gmt":"2012-09-09T23:08:38","guid":{"rendered":"http:\/\/www.toque-musicall.com\/?p=2427"},"modified":"2012-09-09T23:08:38","modified_gmt":"2012-09-09T23:08:38","slug":"inezita-barroso-la-vem-o-brasil-1956","status":"publish","type":"post","link":"https:\/\/www.toque-musicall.com\/?p=2427","title":{"rendered":"Inezita Barroso &#8211; L\u00e1 Vem O Brasil (1956)"},"content":{"rendered":"<p><img loading=\"lazy\" decoding=\"async\" class=\"aligncenter\" src=\"http:\/\/3.bp.blogspot.com\/-eExbSyyYkxE\/UE0WKuNV4wI\/AAAAAAAADqY\/EhmJ3JxyG94\/s400\/capap.JPG\" alt=\"\" width=\"398\" height=\"400\" \/><img loading=\"lazy\" decoding=\"async\" class=\"aligncenter\" src=\"http:\/\/3.bp.blogspot.com\/-DcNB8eQP4_M\/UE0WF-W0wVI\/AAAAAAAADqQ\/zd3dROCmZug\/s400\/contracapap.JPG\" alt=\"\" width=\"394\" height=\"400\" \/><\/p>\n<p>Boa noite, amigos cultos, ocultos e associados! \u00cata domingo baixo astral este de hoje! Um belo dia de sol n\u00e3o foi suficiente para me levantar da gripe que peguei. Estou hoje ainda mais pregui\u00e7oso e para piorar o mal estar, fiquei sabendo agora a pouco do falecimento do cantor Roberto Silva. Infelizmente eu fui pego de surpresa e n\u00e3o tive tempo de preparar algum disco do cantor. Vou deixar a minha homenagem para a semana. Prometo que vou trazer algum disco dele para a gente ouvir. De qualquer forma, estou enviando para o GTM um novo link para o disco \u201cDescendo o morro \u2013 Vol. 2\u201d, postado no TM h\u00e1 tempos atr\u00e1s. Hoje vamos mesmo \u00e9 de Inezita Barroso, que j\u00e1 estava pronta para entrar. Tenho aqui este albinho de dez polegadas &#8211; \u201cL\u00e1 vem o Brasil\u201d &#8211; um disco bem bacana que a cantora gravou em 1956. Um trabalho totalmente ac\u00fastico, s\u00f3 ela e o viol\u00e3o. Nele, ela nos apresenta alguns temas cl\u00e1ssicos do nosso folclore, como, por exemplo \u201cTristezas do Jeca\u201d, de Angelino de Oliveira; o poema musicado de Cec\u00edlia Meirelles, \u201cBerceuse da Onda\u201d; \u201cGalope a Beira Mar\u201d, de Luiz Vieira e outros&#8230; N\u00e3o deixem de conferir \ud83d\ude42<\/p>\n<p align=\"center\">l\u00e1 vem o brasil<\/p>\n<p align=\"center\">berceuse da onda<\/p>\n<p align=\"center\">o carreteiro<\/p>\n<p align=\"center\">temporal<\/p>\n<p align=\"center\">sert\u00e3o de areia seca<\/p>\n<p align=\"center\">rede de sinh\u00e1<\/p>\n<p align=\"center\">galope a beira mar<\/p>\n<p align=\"center\">cantilena<\/p>\n<p align=\"center\">\n<p align=\"center\">\n","protected":false},"excerpt":{"rendered":"<p>Boa noite, amigos cultos, ocultos e associados! \u00cata domingo baixo astral este de hoje! Um belo dia de sol n\u00e3o foi suficiente para me levantar da gripe que peguei. Estou hoje ainda mais pregui\u00e7oso e para piorar o mal estar, &hellip; <a href=\"https:\/\/www.toque-musicall.com\/?p=2427\">Continue lendo <span class=\"meta-nav\">&rarr;<\/span><\/a><\/p>\n","protected":false},"author":1,"featured_media":0,"comment_status":"open","ping_status":"closed","sticky":false,"template":"","format":"standard","meta":{"footnotes":""},"categories":[845,152],"tags":[],"class_list":["post-2427","post","type-post","status-publish","format-standard","hentry","category-inezita-barroso","category-selo-copacabana"],"_links":{"self":[{"href":"https:\/\/www.toque-musicall.com\/index.php?rest_route=\/wp\/v2\/posts\/2427","targetHints":{"allow":["GET"]}}],"collection":[{"href":"https:\/\/www.toque-musicall.com\/index.php?rest_route=\/wp\/v2\/posts"}],"about":[{"href":"https:\/\/www.toque-musicall.com\/index.php?rest_route=\/wp\/v2\/types\/post"}],"author":[{"embeddable":true,"href":"https:\/\/www.toque-musicall.com\/index.php?rest_route=\/wp\/v2\/users\/1"}],"replies":[{"embeddable":true,"href":"https:\/\/www.toque-musicall.com\/index.php?rest_route=%2Fwp%2Fv2%2Fcomments&post=2427"}],"version-history":[{"count":1,"href":"https:\/\/www.toque-musicall.com\/index.php?rest_route=\/wp\/v2\/posts\/2427\/revisions"}],"predecessor-version":[{"id":2428,"href":"https:\/\/www.toque-musicall.com\/index.php?rest_route=\/wp\/v2\/posts\/2427\/revisions\/2428"}],"wp:attachment":[{"href":"https:\/\/www.toque-musicall.com\/index.php?rest_route=%2Fwp%2Fv2%2Fmedia&parent=2427"}],"wp:term":[{"taxonomy":"category","embeddable":true,"href":"https:\/\/www.toque-musicall.com\/index.php?rest_route=%2Fwp%2Fv2%2Fcategories&post=2427"},{"taxonomy":"post_tag","embeddable":true,"href":"https:\/\/www.toque-musicall.com\/index.php?rest_route=%2Fwp%2Fv2%2Ftags&post=2427"}],"curies":[{"name":"wp","href":"https:\/\/api.w.org\/{rel}","templated":true}]}}