{"id":243,"date":"2011-11-16T10:15:00","date_gmt":"2011-11-16T10:15:00","guid":{"rendered":"http:\/\/www.toque-musicall.com\/?p=243"},"modified":"2011-11-16T10:15:00","modified_gmt":"2011-11-16T10:15:00","slug":"quarteto-em-cy-1966","status":"publish","type":"post","link":"https:\/\/www.toque-musicall.com\/?p=243","title":{"rendered":"Quarteto Em Cy (1966)"},"content":{"rendered":"<p><a href=\"http:\/\/4.bp.blogspot.com\/-rCIr9Ll70AI\/TsON6eARj_I\/AAAAAAAAAlc\/UNYy2tgjV9I\/s1600\/quarteto+em+cy+P.JPG\"><img decoding=\"async\" style=\"display:block; margin:0px auto 10px; text-align:center;cursor:pointer; cursor:hand;width: 400px; height: 394px;\" src=\"http:\/\/4.bp.blogspot.com\/-rCIr9Ll70AI\/TsON6eARj_I\/AAAAAAAAAlc\/UNYy2tgjV9I\/s400\/quarteto+em+cy+P.JPG\" border=\"0\" alt=\"\" id=\"BLOGGER_PHOTO_ID_5675535991043100658\" \/><\/a>Bom tarde, amigos cultos e ocultos! Logo ap\u00f3s o almo\u00e7o, nada melhor que uma boa sobremesa. Vou aproveitando a brecha, entre garfos e facas, para fazer a postagem do dia. H\u00e1 tempos eu venho pensando em postar este disco do Quarteto em Cy. Acabou ficando aqui parado no meu computador, limitado aos meus ouvidos. Como eu hoje estou fora do &#8216;QG&#8217; e n\u00e3o sei bem a que horas estarei de volta, melhor juntar o \u00fatil ao agrad\u00e1vel e fazer logo a postagem do disco das baianinhas. <\/p>\n<div>Temos aqui o lp do Quarteto em Cy gravado pelo selo Elenco, de Aloysio de Oliveira, em 1966. O \u00e1lbum foi lan\u00e7ado, inicialmente com as tradicionais doze faixas. Era, na verdade, fonogramas extra\u00eddos do disco lan\u00e7ado por elas nos &#8220;States&#8221;, para o selo Warner. Numa segunda prensagem do lp, Aloysio resolveu incluir mais uma m\u00fasica, &#8220;A Banda&#8221;, de Chico Buarque, que naquele mesmo ano havia vencido o Festival da Can\u00e7\u00e3o da TV Record, com interpreta\u00e7\u00e3o de Nara Le\u00e3o.<\/p>\n<div>Na vers\u00e3o do Quarteto em Cy a m\u00fasica adquiri um tom mais alegre e circense, com arranjos que nos remetem sempre \u00e0 ideia de uma bandinha tocando na pra\u00e7a. As demais m\u00fasicas, n\u00e3o preciso nem dizer, s\u00e3o impec\u00e1veis, um repert\u00f3rio fino, tipo exporta\u00e7\u00e3o. Um bel\u00edssimo disco \ud83d\ude09<\/div>\n<div><\/div>\n<div style=\"text-align: center;\">a banda<\/div>\n<div style=\"text-align: center;\">vamos pranchar<\/div>\n<div style=\"text-align: center;\">espere um pouco<\/div>\n<div style=\"text-align: center;\">canto de ossanha<\/div>\n<div style=\"text-align: center;\">samba torto<\/div>\n<div style=\"text-align: center;\">caminho do mar<\/div>\n<div style=\"text-align: center;\">segredinho<\/div>\n<div style=\"text-align: center;\">amaralina<\/div>\n<div style=\"text-align: center;\">morrer de amor<\/div>\n<div style=\"text-align: center;\">pedro pedreiro<\/div>\n<div style=\"text-align: center;\">in\u00fatil paisagem<\/div>\n<div style=\"text-align: center;\">at\u00e9 londres<\/div>\n<div style=\"text-align: center;\">\u00faltimo canto<\/div>\n<div style=\"text-align: center;\"><\/div>\n<\/div>\n","protected":false},"excerpt":{"rendered":"<p>Bom tarde, amigos cultos e ocultos! Logo ap\u00f3s o almo\u00e7o, nada melhor que uma boa sobremesa. Vou aproveitando a brecha, entre garfos e facas, para fazer a postagem do dia. H\u00e1 tempos eu venho pensando em postar este disco do &hellip; <a href=\"https:\/\/www.toque-musicall.com\/?p=243\">Continue lendo <span class=\"meta-nav\">&rarr;<\/span><\/a><\/p>\n","protected":false},"author":1,"featured_media":0,"comment_status":"open","ping_status":"closed","sticky":false,"template":"","format":"standard","meta":{"footnotes":""},"categories":[50,427],"tags":[],"class_list":["post-243","post","type-post","status-publish","format-standard","hentry","category-quarteto-em-cy","category-selo-elenco"],"_links":{"self":[{"href":"https:\/\/www.toque-musicall.com\/index.php?rest_route=\/wp\/v2\/posts\/243","targetHints":{"allow":["GET"]}}],"collection":[{"href":"https:\/\/www.toque-musicall.com\/index.php?rest_route=\/wp\/v2\/posts"}],"about":[{"href":"https:\/\/www.toque-musicall.com\/index.php?rest_route=\/wp\/v2\/types\/post"}],"author":[{"embeddable":true,"href":"https:\/\/www.toque-musicall.com\/index.php?rest_route=\/wp\/v2\/users\/1"}],"replies":[{"embeddable":true,"href":"https:\/\/www.toque-musicall.com\/index.php?rest_route=%2Fwp%2Fv2%2Fcomments&post=243"}],"version-history":[{"count":0,"href":"https:\/\/www.toque-musicall.com\/index.php?rest_route=\/wp\/v2\/posts\/243\/revisions"}],"wp:attachment":[{"href":"https:\/\/www.toque-musicall.com\/index.php?rest_route=%2Fwp%2Fv2%2Fmedia&parent=243"}],"wp:term":[{"taxonomy":"category","embeddable":true,"href":"https:\/\/www.toque-musicall.com\/index.php?rest_route=%2Fwp%2Fv2%2Fcategories&post=243"},{"taxonomy":"post_tag","embeddable":true,"href":"https:\/\/www.toque-musicall.com\/index.php?rest_route=%2Fwp%2Fv2%2Ftags&post=243"}],"curies":[{"name":"wp","href":"https:\/\/api.w.org\/{rel}","templated":true}]}}