{"id":2431,"date":"2012-09-11T22:46:23","date_gmt":"2012-09-11T22:46:23","guid":{"rendered":"http:\/\/www.toque-musicall.com\/?p=2431"},"modified":"2012-09-11T22:46:23","modified_gmt":"2012-09-11T22:46:23","slug":"roberto-silva-o-principe-do-samba-1965","status":"publish","type":"post","link":"https:\/\/www.toque-musicall.com\/?p=2431","title":{"rendered":"Roberto Silva &#8211; O Principe Do Samba (1965)"},"content":{"rendered":"<p><img loading=\"lazy\" decoding=\"async\" class=\"aligncenter\" src=\"http:\/\/3.bp.blogspot.com\/-QPLp05rZCfA\/UE-zqogeNiI\/AAAAAAAADss\/JJV-QmgCRdI\/s400\/roberto+Tp.JPG\" alt=\"\" width=\"400\" height=\"398\" \/><img loading=\"lazy\" decoding=\"async\" class=\"aligncenter\" src=\"http:\/\/3.bp.blogspot.com\/-rk5LoepDSGY\/UE-zlzu1NfI\/AAAAAAAADsk\/Gg8zQXz22zI\/s400\/roberto+Bp.JPG\" alt=\"\" width=\"400\" height=\"389\" \/><\/p>\n<p>Boa noite, amigos cultos, ocultos e associados. Pois \u00e9, como eu havia dito, aqui vai a nossa homenagem ao \u201cPr\u00edncipe do Samba\u201d, o cantor carioca, Roberto Silva. Eu n\u00e3o tive como fazer esta postagem antes, mas agora segue aqui, em um disco lan\u00e7ado em 1965, originalmente pelo selo Som, da Copacabana. Neste \u00e1lbum vamos encontrar doze sambas orquestrados, bem aos moldes da d\u00e9cada anterior, possivelmente por Dalton Vogeler, que tamb\u00e9m \u00e9 quem assina o texto na contracapa do disco. Me chamou a aten\u00e7\u00e3o em diversas faixas um trombone sincopado, que eu acredito ser do Mestre Raul de Barros. Como em outros discos de Roberto Silva, este \u00e9 mais um que quando n\u00e3o se tem o que falar, melhor \u00e9 ouvir.<\/p>\n<p align=\"center\">inspira\u00e7\u00e3o<\/p>\n<p align=\"center\">espelho da vida<\/p>\n<p align=\"center\">conselho de amigo<\/p>\n<p align=\"center\">gostei da sugest\u00e3o<\/p>\n<p align=\"center\">n\u00e3o adianta chorar<\/p>\n<p align=\"center\">d\u00favida<\/p>\n<p align=\"center\">diz a verdade todinha<\/p>\n<p align=\"center\">linda manicure<\/p>\n<p align=\"center\">zero hora<\/p>\n<p align=\"center\">apar\u00eancias<\/p>\n<p align=\"center\">fim do bo\u00eamio<\/p>\n<p align=\"center\">silencio no morro<\/p>\n<p align=\"center\">\n","protected":false},"excerpt":{"rendered":"<p>Boa noite, amigos cultos, ocultos e associados. Pois \u00e9, como eu havia dito, aqui vai a nossa homenagem ao \u201cPr\u00edncipe do Samba\u201d, o cantor carioca, Roberto Silva. Eu n\u00e3o tive como fazer esta postagem antes, mas agora segue aqui, em &hellip; <a href=\"https:\/\/www.toque-musicall.com\/?p=2431\">Continue lendo <span class=\"meta-nav\">&rarr;<\/span><\/a><\/p>\n","protected":false},"author":1,"featured_media":0,"comment_status":"open","ping_status":"closed","sticky":false,"template":"","format":"standard","meta":{"footnotes":""},"categories":[262],"tags":[],"class_list":["post-2431","post","type-post","status-publish","format-standard","hentry","category-roberto-silva"],"_links":{"self":[{"href":"https:\/\/www.toque-musicall.com\/index.php?rest_route=\/wp\/v2\/posts\/2431","targetHints":{"allow":["GET"]}}],"collection":[{"href":"https:\/\/www.toque-musicall.com\/index.php?rest_route=\/wp\/v2\/posts"}],"about":[{"href":"https:\/\/www.toque-musicall.com\/index.php?rest_route=\/wp\/v2\/types\/post"}],"author":[{"embeddable":true,"href":"https:\/\/www.toque-musicall.com\/index.php?rest_route=\/wp\/v2\/users\/1"}],"replies":[{"embeddable":true,"href":"https:\/\/www.toque-musicall.com\/index.php?rest_route=%2Fwp%2Fv2%2Fcomments&post=2431"}],"version-history":[{"count":2,"href":"https:\/\/www.toque-musicall.com\/index.php?rest_route=\/wp\/v2\/posts\/2431\/revisions"}],"predecessor-version":[{"id":2435,"href":"https:\/\/www.toque-musicall.com\/index.php?rest_route=\/wp\/v2\/posts\/2431\/revisions\/2435"}],"wp:attachment":[{"href":"https:\/\/www.toque-musicall.com\/index.php?rest_route=%2Fwp%2Fv2%2Fmedia&parent=2431"}],"wp:term":[{"taxonomy":"category","embeddable":true,"href":"https:\/\/www.toque-musicall.com\/index.php?rest_route=%2Fwp%2Fv2%2Fcategories&post=2431"},{"taxonomy":"post_tag","embeddable":true,"href":"https:\/\/www.toque-musicall.com\/index.php?rest_route=%2Fwp%2Fv2%2Ftags&post=2431"}],"curies":[{"name":"wp","href":"https:\/\/api.w.org\/{rel}","templated":true}]}}