{"id":2437,"date":"2012-09-12T23:48:58","date_gmt":"2012-09-12T23:48:58","guid":{"rendered":"http:\/\/www.toque-musicall.com\/?p=2437"},"modified":"2012-09-13T00:19:54","modified_gmt":"2012-09-13T00:19:54","slug":"alceu-valenca-e-jackson-do-pandeiro-projeto-pixinguinha-1978-2012","status":"publish","type":"post","link":"https:\/\/www.toque-musicall.com\/?p=2437","title":{"rendered":"Alceu Valen\u00e7a e Jackson do Pandeiro &#8211; Projeto Pixinguinha 1978 (2012)"},"content":{"rendered":"<p><img loading=\"lazy\" decoding=\"async\" class=\"aligncenter\" src=\"http:\/\/2.bp.blogspot.com\/-oT5oA4RAED8\/UFEWT4dz0_I\/AAAAAAAADtw\/Fh7AIMPJ-oA\/s400\/CAPAp.JPG\" alt=\"\" width=\"400\" height=\"400\" \/><img loading=\"lazy\" decoding=\"async\" class=\"aligncenter\" src=\"http:\/\/3.bp.blogspot.com\/-qtLCyaPglzc\/UFEWN48SHMI\/AAAAAAAADto\/_uBAuhAq-ew\/s400\/CONTRACAPAp.JPG\" alt=\"\" width=\"400\" height=\"400\" \/><\/p>\n<p>Ol\u00e1, amigos! Em dias em que eu n\u00e3o estou para muito papo, ou um tanto quanto pregui\u00e7oso, nada melhor que uma postagem do Projeto Pixinguinha. Pois nesta, eu s\u00f3 tomo mesmo o trabalho de editar \u2018as faixas\u2019 e criar a capinha. Querem saber mais sobre este show memor\u00e1vel de Alceu Valen\u00e7a e Jackson do Pandeiro? Eu indico com prazer. Vai l\u00e1 no site da Funarte, a p\u00e1gina \u00e9 \u201c<a href=\"http:\/\/www.funarte.gov.br\/brasilmemoriadasartes\/acervo\/pixinguinha\/jackson-e-alceu-o-nordeste-em-dois-sotaques-no-projeto-pixinguinha-de-1978\/\" target=\"_blank\">Brasil \u2013 Mem\u00f3ria das Artes \u2013 Projeto Pixinguinha<\/a>\u201d. Quem ainda n\u00e3o conhece, com certeza, vai adorar \ud83d\ude42<\/p>\n<p>Alceu Valen\u00e7a apresenta neste show praticamente todas as m\u00fasicas que est\u00e3o em um de seus primeiros \u00e1lbums, o \u201cVivo\u201d. Jackson do Pandeiro n\u00e3o faz por menos e nos traz alguns de seus maiores sucessos. Grava\u00e7\u00e3o muito boa. Vale conferir no GTM \ud83d\ude09<\/p>\n<p align=\"center\">vou danado pra catende \u2013 alceu valen\u00e7a<\/p>\n<p align=\"center\">forr\u00f3 em limoeiro \u2013 jackson do pandeiro<\/p>\n<p align=\"center\">sol e chuva \u2013 alceu valen\u00e7a<\/p>\n<p align=\"center\">vou de tutano \u2013 jackson do pandeiro<\/p>\n<p align=\"center\">maria dos santos \u2013 alceu valen\u00e7a<\/p>\n<p align=\"center\">alegria do vaqueiro \u2013 jackson do pandeiro<\/p>\n<p align=\"center\">agalopado \u2013 alceu valen\u00e7a<\/p>\n<p align=\"center\">anjo de fogo \u2013 alceu valen\u00e7a<\/p>\n<p align=\"center\">pisa na fulo \u2013 alceu valen\u00e7a<\/p>\n<p align=\"center\">eu sou voc\u00ea \u2013 alceu valen\u00e7a<\/p>\n<p align=\"center\">quando eu olho para o mar \u2013 alceu valen\u00e7a<\/p>\n<p align=\"center\">espelho cristalino \u2013 alceu valen\u00e7a<\/p>\n<p align=\"center\">a rainha de tamba \/ o canto da ema \/ um a um \u2013 jackson do pandeiro<\/p>\n<p align=\"center\">tambor de criola \/ meu boi n\u00e3o pode carriar \/ sebastiana \u2013 jackson do pandeiro<\/p>\n<p align=\"center\">chiclete com banana \u2013 jackson do pandeiro<\/p>\n<p align=\"center\">l\u00e1grima \/ vou gargalhar \/ vou ter um tro\u00e7o \u2013 jackson do pandeiro<\/p>\n<p align=\"center\">amigo do norte \u2013 jackson do pandeiro<\/p>\n<p align=\"center\">papagaio do futuro \u2013 alceu e jackson<\/p>\n<p align=\"center\">papagaio do futuro (bis) \u2013 alceu e Jackson<\/p>\n<p align=\"center\">\n","protected":false},"excerpt":{"rendered":"<p>Ol\u00e1, amigos! Em dias em que eu n\u00e3o estou para muito papo, ou um tanto quanto pregui\u00e7oso, nada melhor que uma postagem do Projeto Pixinguinha. Pois nesta, eu s\u00f3 tomo mesmo o trabalho de editar \u2018as faixas\u2019 e criar a &hellip; <a href=\"https:\/\/www.toque-musicall.com\/?p=2437\">Continue lendo <span class=\"meta-nav\">&rarr;<\/span><\/a><\/p>\n","protected":false},"author":1,"featured_media":0,"comment_status":"open","ping_status":"closed","sticky":false,"template":"","format":"standard","meta":{"footnotes":""},"categories":[1458,11,119,62],"tags":[],"class_list":["post-2437","post","type-post","status-publish","format-standard","hentry","category-alceu-valenca","category-exclusivos-do-toque-musical","category-jackson-do-pandeiro","category-projeto-pixinguinha"],"_links":{"self":[{"href":"https:\/\/www.toque-musicall.com\/index.php?rest_route=\/wp\/v2\/posts\/2437","targetHints":{"allow":["GET"]}}],"collection":[{"href":"https:\/\/www.toque-musicall.com\/index.php?rest_route=\/wp\/v2\/posts"}],"about":[{"href":"https:\/\/www.toque-musicall.com\/index.php?rest_route=\/wp\/v2\/types\/post"}],"author":[{"embeddable":true,"href":"https:\/\/www.toque-musicall.com\/index.php?rest_route=\/wp\/v2\/users\/1"}],"replies":[{"embeddable":true,"href":"https:\/\/www.toque-musicall.com\/index.php?rest_route=%2Fwp%2Fv2%2Fcomments&post=2437"}],"version-history":[{"count":2,"href":"https:\/\/www.toque-musicall.com\/index.php?rest_route=\/wp\/v2\/posts\/2437\/revisions"}],"predecessor-version":[{"id":2439,"href":"https:\/\/www.toque-musicall.com\/index.php?rest_route=\/wp\/v2\/posts\/2437\/revisions\/2439"}],"wp:attachment":[{"href":"https:\/\/www.toque-musicall.com\/index.php?rest_route=%2Fwp%2Fv2%2Fmedia&parent=2437"}],"wp:term":[{"taxonomy":"category","embeddable":true,"href":"https:\/\/www.toque-musicall.com\/index.php?rest_route=%2Fwp%2Fv2%2Fcategories&post=2437"},{"taxonomy":"post_tag","embeddable":true,"href":"https:\/\/www.toque-musicall.com\/index.php?rest_route=%2Fwp%2Fv2%2Ftags&post=2437"}],"curies":[{"name":"wp","href":"https:\/\/api.w.org\/{rel}","templated":true}]}}