{"id":2440,"date":"2012-09-13T21:14:14","date_gmt":"2012-09-13T21:14:14","guid":{"rendered":"http:\/\/www.toque-musicall.com\/?p=2440"},"modified":"2012-09-14T00:14:14","modified_gmt":"2012-09-14T00:14:14","slug":"chiquinho-e-seu-conjunto-dancando-no-rio-1958","status":"publish","type":"post","link":"https:\/\/www.toque-musicall.com\/?p=2440","title":{"rendered":"Chiquinho E Seu Conjunto &#8211; Dan\u00e7ando No Rio (1958)"},"content":{"rendered":"<p><img loading=\"lazy\" decoding=\"async\" class=\"aligncenter\" src=\"http:\/\/1.bp.blogspot.com\/-2WmzTDdzkbk\/UFJo4XISeqI\/AAAAAAAADu0\/8JfdOluL2MQ\/s400\/capa2p.JPG\" alt=\"\" width=\"400\" height=\"394\" \/><img loading=\"lazy\" decoding=\"async\" class=\"aligncenter\" src=\"http:\/\/1.bp.blogspot.com\/-y8ANXJ5z6DE\/UFJoyddZw_I\/AAAAAAAADus\/bu326I9D1Bo\/s400\/contracapap.JPG\" alt=\"\" width=\"400\" height=\"395\" \/><\/p>\n<p>Boa noite, amigos cultos, ocultos e associados! Com o calor que anda fazendo por aqui, eu hoje n\u00e3o estou nem um pouco animado a fazer postagem. Por mim, passaria o dia numa rede, s\u00f3 no suco \ud83d\ude42 Ia mesmo deixar o 13 de setembro passar em branco, mas como n\u00e3o \u00e9 l\u00e1 nenhuma data especial, vamos em frente, tentando manter o ritmo&#8230;<\/p>\n<p>N\u00e3o foi por acaso que eu hoje escolhi este raro lp do Chiquinho do Acordeon. Para dar uma refrescada, acho que ele vai cair bem. Traz uma sonoridade bem particular, com seu conjunto formado apenas de piano, contrabaixo, guitarra el\u00e9trica, bateria e o acordeon, claro! N\u00e3o consegui identificar ao certo a data de lan\u00e7amento deste \u00e1lbum, mas creio, pelo repert\u00f3rio, que deve ser de 1958 ou 59. Apesar do estado um tanto lastim\u00e1vel do disco, eu fiz quest\u00e3o de digitaliza-lo, pois se trata de um trabalho que vale ser conferido. Como convinha \u00e0 \u00e9poca, feito para dan\u00e7ar, em seis faixas recheadas com \u2018hits\u2019 nacionais e internacionais. Destaque para \u201cSe todos fossem iguais a voc\u00ea\u201d, de Tom Jobim e Vin\u00edcius de Moraes.<\/p>\n<p align=\"center\">pois \u00e9<\/p>\n<p align=\"center\">recado de olinda<\/p>\n<p align=\"center\">o apito no samba<\/p>\n<p align=\"center\">if you can dream<\/p>\n<p align=\"center\">if i loved you<\/p>\n<p align=\"center\">c\u2019est magnifique<\/p>\n<p align=\"center\">quero te assim<\/p>\n<p align=\"center\">quem foi que prometeu<\/p>\n<p align=\"center\">calypso (high society)<\/p>\n<p align=\"center\">n\u00e3o me diga adeus<\/p>\n<p align=\"center\">esquina da saudade<\/p>\n<p align=\"center\">vem meu amor<\/p>\n<p align=\"center\">invitation<\/p>\n<p align=\"center\">i love paris<\/p>\n<p align=\"center\">an affair to remember<\/p>\n<p align=\"center\">se todo fossem iguais a voc\u00ea<\/p>\n<p align=\"center\">nereidas<\/p>\n<p align=\"center\">p\u00e9 de chumbo<\/p>\n<p align=\"center\">\n","protected":false},"excerpt":{"rendered":"<p>Boa noite, amigos cultos, ocultos e associados! Com o calor que anda fazendo por aqui, eu hoje n\u00e3o estou nem um pouco animado a fazer postagem. Por mim, passaria o dia numa rede, s\u00f3 no suco \ud83d\ude42 Ia mesmo deixar &hellip; <a href=\"https:\/\/www.toque-musicall.com\/?p=2440\">Continue lendo <span class=\"meta-nav\">&rarr;<\/span><\/a><\/p>\n","protected":false},"author":1,"featured_media":0,"comment_status":"open","ping_status":"closed","sticky":false,"template":"","format":"standard","meta":{"footnotes":""},"categories":[1229,40],"tags":[],"class_list":["post-2440","post","type-post","status-publish","format-standard","hentry","category-chiquinho-do-acordeon","category-selo-continental"],"_links":{"self":[{"href":"https:\/\/www.toque-musicall.com\/index.php?rest_route=\/wp\/v2\/posts\/2440","targetHints":{"allow":["GET"]}}],"collection":[{"href":"https:\/\/www.toque-musicall.com\/index.php?rest_route=\/wp\/v2\/posts"}],"about":[{"href":"https:\/\/www.toque-musicall.com\/index.php?rest_route=\/wp\/v2\/types\/post"}],"author":[{"embeddable":true,"href":"https:\/\/www.toque-musicall.com\/index.php?rest_route=\/wp\/v2\/users\/1"}],"replies":[{"embeddable":true,"href":"https:\/\/www.toque-musicall.com\/index.php?rest_route=%2Fwp%2Fv2%2Fcomments&post=2440"}],"version-history":[{"count":2,"href":"https:\/\/www.toque-musicall.com\/index.php?rest_route=\/wp\/v2\/posts\/2440\/revisions"}],"predecessor-version":[{"id":2442,"href":"https:\/\/www.toque-musicall.com\/index.php?rest_route=\/wp\/v2\/posts\/2440\/revisions\/2442"}],"wp:attachment":[{"href":"https:\/\/www.toque-musicall.com\/index.php?rest_route=%2Fwp%2Fv2%2Fmedia&parent=2440"}],"wp:term":[{"taxonomy":"category","embeddable":true,"href":"https:\/\/www.toque-musicall.com\/index.php?rest_route=%2Fwp%2Fv2%2Fcategories&post=2440"},{"taxonomy":"post_tag","embeddable":true,"href":"https:\/\/www.toque-musicall.com\/index.php?rest_route=%2Fwp%2Fv2%2Ftags&post=2440"}],"curies":[{"name":"wp","href":"https:\/\/api.w.org\/{rel}","templated":true}]}}