{"id":2447,"date":"2012-09-15T00:41:40","date_gmt":"2012-09-15T00:41:40","guid":{"rendered":"http:\/\/www.toque-musicall.com\/?p=2447"},"modified":"2012-09-18T02:53:38","modified_gmt":"2012-09-18T02:53:38","slug":"miltinho-miltinho-e-a-seresta-1970","status":"publish","type":"post","link":"https:\/\/www.toque-musicall.com\/?p=2447","title":{"rendered":"Miltinho &#8211; Miltinho E A Seresta (1970)"},"content":{"rendered":"<p><a href=\"http:\/\/3.bp.blogspot.com\/-zZwTtpo6d7Y\/UFUOvHxjBnI\/AAAAAAAADw0\/S9NPNAmx9Lk\/s400\/miltinho+Bp.JPG\"><img loading=\"lazy\" decoding=\"async\" class=\"aligncenter\" src=\"http:\/\/3.bp.blogspot.com\/-m-QleKXCIBk\/UFUO7zrNYDI\/AAAAAAAADw8\/YqW-hUne8zI\/s400\/miltinho+FP.JPG\" alt=\"\" width=\"400\" height=\"397\" \/><img loading=\"lazy\" decoding=\"async\" class=\"aligncenter\" src=\"http:\/\/3.bp.blogspot.com\/-zZwTtpo6d7Y\/UFUOvHxjBnI\/AAAAAAAADw0\/S9NPNAmx9Lk\/s400\/miltinho+Bp.JPG\" alt=\"\" width=\"400\" height=\"400\" \/><\/a><\/p>\n<p>Boa noite, amigos cultos, ocultos e associados! Embora n\u00e3o seja o disco de hoje um \u2018\u00e1lbum de gaveta\u2019, ele acabou ficando por conta de uma espera de postagem que nunca chegou. Esqueci dele completamente e agora, procurando o que postar, eis que trombo com o dito cujo, hehehe&#8230;<\/p>\n<p>Hoje, ent\u00e3o, vamos com o Miltinho em um lp Odeon, lan\u00e7ado em 1970. O t\u00edtulo, direto e simples, j\u00e1 diz tudo. Temos o nosso cantor interpretando em seresta doze cl\u00e1ssicos da MPB. Na linha do mais tradicional, Miltinho vem acompanhado pelo Regional do Canhoto, o que d\u00e1 ao trabalho um car\u00e1ter ainda mais aut\u00eantico. Um bel\u00edssimo lp que n\u00e3o precisa de hora para se ouvir. Basta pedir&#8230; \ud83d\ude09<\/p>\n<p align=\"center\">no rancho fundo<\/p>\n<p align=\"center\">malandrinha<\/p>\n<p align=\"center\">queixumes<\/p>\n<p align=\"center\">tr\u00eas apitos<\/p>\n<p align=\"center\">deusa da minha rua<\/p>\n<p align=\"center\">se tu soubesses<\/p>\n<p align=\"center\">\u00faltima inspira\u00e7\u00e3o<\/p>\n<p align=\"center\">foi ela<\/p>\n<p align=\"center\">modinha<\/p>\n<p align=\"center\">arranha c\u00e9u<\/p>\n<p align=\"center\">boneca<\/p>\n<p align=\"center\">quem h\u00e1 de dizer<\/p>\n<p align=\"center\">\n","protected":false},"excerpt":{"rendered":"<p>Boa noite, amigos cultos, ocultos e associados! Embora n\u00e3o seja o disco de hoje um \u2018\u00e1lbum de gaveta\u2019, ele acabou ficando por conta de uma espera de postagem que nunca chegou. Esqueci dele completamente e agora, procurando o que postar, &hellip; <a href=\"https:\/\/www.toque-musicall.com\/?p=2447\">Continue lendo <span class=\"meta-nav\">&rarr;<\/span><\/a><\/p>\n","protected":false},"author":1,"featured_media":0,"comment_status":"open","ping_status":"closed","sticky":false,"template":"","format":"standard","meta":{"footnotes":""},"categories":[554,86],"tags":[],"class_list":["post-2447","post","type-post","status-publish","format-standard","hentry","category-miltinho","category-selo-odeon"],"_links":{"self":[{"href":"https:\/\/www.toque-musicall.com\/index.php?rest_route=\/wp\/v2\/posts\/2447","targetHints":{"allow":["GET"]}}],"collection":[{"href":"https:\/\/www.toque-musicall.com\/index.php?rest_route=\/wp\/v2\/posts"}],"about":[{"href":"https:\/\/www.toque-musicall.com\/index.php?rest_route=\/wp\/v2\/types\/post"}],"author":[{"embeddable":true,"href":"https:\/\/www.toque-musicall.com\/index.php?rest_route=\/wp\/v2\/users\/1"}],"replies":[{"embeddable":true,"href":"https:\/\/www.toque-musicall.com\/index.php?rest_route=%2Fwp%2Fv2%2Fcomments&post=2447"}],"version-history":[{"count":2,"href":"https:\/\/www.toque-musicall.com\/index.php?rest_route=\/wp\/v2\/posts\/2447\/revisions"}],"predecessor-version":[{"id":2459,"href":"https:\/\/www.toque-musicall.com\/index.php?rest_route=\/wp\/v2\/posts\/2447\/revisions\/2459"}],"wp:attachment":[{"href":"https:\/\/www.toque-musicall.com\/index.php?rest_route=%2Fwp%2Fv2%2Fmedia&parent=2447"}],"wp:term":[{"taxonomy":"category","embeddable":true,"href":"https:\/\/www.toque-musicall.com\/index.php?rest_route=%2Fwp%2Fv2%2Fcategories&post=2447"},{"taxonomy":"post_tag","embeddable":true,"href":"https:\/\/www.toque-musicall.com\/index.php?rest_route=%2Fwp%2Fv2%2Ftags&post=2447"}],"curies":[{"name":"wp","href":"https:\/\/api.w.org\/{rel}","templated":true}]}}