{"id":2460,"date":"2012-09-18T20:10:24","date_gmt":"2012-09-18T20:10:24","guid":{"rendered":"http:\/\/www.toque-musicall.com\/?p=2460"},"modified":"2012-09-19T01:12:48","modified_gmt":"2012-09-19T01:12:48","slug":"orquestra-chantecler-cumbia-e-outros-ritmos-latino-americanos-196","status":"publish","type":"post","link":"https:\/\/www.toque-musicall.com\/?p=2460","title":{"rendered":"Orquestra Chantecler &#8211; Cumbia E Outros Ritmos Latino Americanos (196&#8230;)"},"content":{"rendered":"<p><img loading=\"lazy\" decoding=\"async\" class=\"aligncenter\" src=\"http:\/\/3.bp.blogspot.com\/-2C0aYJRAQaA\/UFkPeR6c_yI\/AAAAAAAAD10\/64oMgmHSofk\/s400\/capa+P.JPG\" alt=\"\" width=\"393\" height=\"400\" \/><img loading=\"lazy\" decoding=\"async\" class=\"aligncenter\" src=\"http:\/\/3.bp.blogspot.com\/-4InmmlyP5V0\/UFkPWb0h2uI\/AAAAAAAAD1s\/Dj8QoP2rSW0\/s400\/contrap.JPG\" alt=\"\" width=\"386\" height=\"400\" \/><\/p>\n<p>Boa noite a todos! Hoje eu estou trazendo um disco que \u00e9 bem a cara das postagens do Toque Musical. Adoro discos que trazem alguma coisa de curiosa e interessante. No caso aqui, trata-se de um disco lan\u00e7ado originalmente na Bol\u00edvia (vejam voc\u00eas), sob o t\u00edtulo de \u201cDiscoteca Del Dia\u201d. Segundo nos informa o texto da contracapa, foi um tremendo sucesso tanto l\u00e1 quanto em outros pa\u00edses sul americanos. O que levou o seu lan\u00e7amento tamb\u00e9m no Brasil. O curioso disso tudo \u00e9 que o disco foi gravado aqui e por uma orquestra e regente brasileiros. Acredito que a ind\u00fastria fonogr\u00e1fica brasileira tamb\u00e9m abastecia os pa\u00edses vizinhos e, obviamente, tocando o que eles gostavam de escutar. A cumbia \u00e9 mais um desses ritmos latinos de origem afroamericana, tradicional da Col\u00f4mbia e Panam\u00e1, mas que se popularizou por toda a Am\u00e9rica Latina, principalmente nos anos 50.<\/p>\n<p>Neste \u00e1lbum, podemos encontrar 14 faixas com duas m\u00fasicas em cada uma, o que nos d\u00e1 um rico mostru\u00e1rio num repert\u00f3rio bem adaptado para a cumbia e outros ritmos latino americanos. Um disco orquestral sob a reg\u00eancia do maestro Francisco Moraes.<\/p>\n<p>Por mais que eu tenha procurando, n\u00e3o encontrei a data de seu lan\u00e7amento, mas creio que este \u00e1lbum saiu aqui no in\u00edcio dos anos 60. Se algum dos amigos cultos tiver a\u00ed mais alguma informa\u00e7\u00e3o, por favor, n\u00e3o se fa\u00e7a de rogado&#8230; o coment\u00e1rio est\u00e1 a\u00ed \u00e9 para isso mesmo.<\/p>\n<p>Desta vez, n\u00e3o vou tomar o trabalho de repetir aqui a rela\u00e7\u00e3o de m\u00fasicas (s\u00e3o tantas que me d\u00e1 at\u00e9 pregui\u00e7a). T\u00e1 na capa!<\/p>\n<p>&nbsp;<\/p>\n","protected":false},"excerpt":{"rendered":"<p>Boa noite a todos! Hoje eu estou trazendo um disco que \u00e9 bem a cara das postagens do Toque Musical. Adoro discos que trazem alguma coisa de curiosa e interessante. No caso aqui, trata-se de um disco lan\u00e7ado originalmente na &hellip; <a href=\"https:\/\/www.toque-musicall.com\/?p=2460\">Continue lendo <span class=\"meta-nav\">&rarr;<\/span><\/a><\/p>\n","protected":false},"author":1,"featured_media":0,"comment_status":"open","ping_status":"closed","sticky":false,"template":"","format":"standard","meta":{"footnotes":""},"categories":[69,2047,217],"tags":[],"class_list":["post-2460","post","type-post","status-publish","format-standard","hentry","category-francisco-moraes","category-orquestra-chantecler","category-selo-chantecler"],"_links":{"self":[{"href":"https:\/\/www.toque-musicall.com\/index.php?rest_route=\/wp\/v2\/posts\/2460","targetHints":{"allow":["GET"]}}],"collection":[{"href":"https:\/\/www.toque-musicall.com\/index.php?rest_route=\/wp\/v2\/posts"}],"about":[{"href":"https:\/\/www.toque-musicall.com\/index.php?rest_route=\/wp\/v2\/types\/post"}],"author":[{"embeddable":true,"href":"https:\/\/www.toque-musicall.com\/index.php?rest_route=\/wp\/v2\/users\/1"}],"replies":[{"embeddable":true,"href":"https:\/\/www.toque-musicall.com\/index.php?rest_route=%2Fwp%2Fv2%2Fcomments&post=2460"}],"version-history":[{"count":3,"href":"https:\/\/www.toque-musicall.com\/index.php?rest_route=\/wp\/v2\/posts\/2460\/revisions"}],"predecessor-version":[{"id":2463,"href":"https:\/\/www.toque-musicall.com\/index.php?rest_route=\/wp\/v2\/posts\/2460\/revisions\/2463"}],"wp:attachment":[{"href":"https:\/\/www.toque-musicall.com\/index.php?rest_route=%2Fwp%2Fv2%2Fmedia&parent=2460"}],"wp:term":[{"taxonomy":"category","embeddable":true,"href":"https:\/\/www.toque-musicall.com\/index.php?rest_route=%2Fwp%2Fv2%2Fcategories&post=2460"},{"taxonomy":"post_tag","embeddable":true,"href":"https:\/\/www.toque-musicall.com\/index.php?rest_route=%2Fwp%2Fv2%2Ftags&post=2460"}],"curies":[{"name":"wp","href":"https:\/\/api.w.org\/{rel}","templated":true}]}}