{"id":2467,"date":"2012-09-20T12:18:01","date_gmt":"2012-09-20T12:18:01","guid":{"rendered":"http:\/\/www.toque-musicall.com\/?p=2467"},"modified":"2012-09-20T12:19:19","modified_gmt":"2012-09-20T12:19:19","slug":"bob-fleming-1961","status":"publish","type":"post","link":"https:\/\/www.toque-musicall.com\/?p=2467","title":{"rendered":"Bob Fleming (1961)"},"content":{"rendered":"<p><img loading=\"lazy\" decoding=\"async\" class=\"aligncenter\" src=\"http:\/\/3.bp.blogspot.com\/-2MedcGZ2hvs\/UFr6yJfLgXI\/AAAAAAAAD3c\/74k-fZFMDf0\/s400\/capoap.JPG\" alt=\"\" width=\"400\" height=\"398\" \/><img loading=\"lazy\" decoding=\"async\" class=\"aligncenter\" src=\"http:\/\/4.bp.blogspot.com\/-E8sVoU2_KT4\/UFr6s_YLCQI\/AAAAAAAAD3U\/mOP6qpSGizo\/s400\/contrap.JPG\" alt=\"\" width=\"398\" height=\"400\" \/><\/p>\n<p>Bom dia amigos cultos, ocultos e associados! Hoje eu estou trazendo um disco que eu considero nota 10. Um dos primeiros \u00e1lbuns do selo Musidisc, lan\u00e7ado em 1961 e apresentando o saxofonista criado por Nilo S\u00e9rgio, Bob Fleming. Quem acompanha o blog sabe que aqui temos outros discos desse artista e em v\u00e1rios outros momentos falamos sobre a real identidade do mesmo. Muitos falam que Bob Fleming era o saxofonista Moacyr Silva, depois passou a ser o Zito Righi&#8230; S\u00e3o tantas hist\u00f3rias e lendas que eu j\u00e1 nem sei mais qual \u00e9 a verdade. Hoje, ao iniciar essa postagem, ainda agora, li no site \u201cAgenda do Samba Choro\u201d (uma lista de discuss\u00e3o sobre MPB) um texto que me deixou ainda mais confuso. Trata-se de um e-mail enviado ao site, em junho de 2004, pelo saxofonista Moacyr Marques da Silva onde ele tenta esclarecer a verdade sobre o assunto. Segue logo a baixo uma c\u00f3pia do texto, que pode tamb\u00e9m ser conferido na pr\u00f3pria <a href=\"http:\/\/www.samba-choro.com.br\/s-c\/tribuna\/samba-choro.0406\/0119.html\">lista do Samba Choro<\/a>:<\/p>\n<p><em>Rio de Janeiro 06 de junho de 2004.\u00a0<\/em><\/p>\n<p><em>Prezados Senhores.\u00a0<\/em><\/p>\n<p><em>Como testemunha viva dos fatos descritos sobre &#8220;BOB FLEMING&#8221;, gostaria de<br \/>\nesclarecer que eu, Moacyr Marques da Silva, m\u00fasico, saxofonista, citado em<br \/>\nseu site:\u00a0<\/em><\/p>\n<p><em>&#8220;Caro internauta. Quero aqui informar-lhe que muito h\u00e1 que reparar neste seu<br \/>\nrelease sobre Bob Fleming. N\u00e3o sei que fontes vc consultou, mas s\u00e3o muito<br \/>\nimprecisas. Conheci, pessoalmente, por interm\u00e9dio de membros de minha<br \/>\nfam\u00edlia o verdadeiro Bob Fleming, pseud\u00f4nimo usado por um grande m\u00fasico<br \/>\nbrasileiro do Rio de Janeiro, cujo nome correto \u00e9 Moacir Marques, que<br \/>\napesaqr de n\u00e3o ser americano era branco, nada tendo a ver com o Moacir<br \/>\nSilva, outro grande m\u00fasico brasileiro, este sim negro. Moacir Marques, tocou<br \/>\nem diversas orquestras ( inclusive da R\u00e1dio Nacional ) e formou um conjunto<br \/>\nque tinmha seu nome e tocava em diversos bailes do Rio de Janeiro e<br \/>\nadjacencias.Tive o privil\u00e9gio de receber de suas m\u00e3os aquerle LP onde na<br \/>\ncapa aparecia alg\u00e9m vestido numa armadura tocando sax. Procure pesquisar<br \/>\nmais em cima destas minhas informa\u00e7\u00f5es e refe\u00e7a ou retire do ar seu artigo,<br \/>\npara que evitar que com o passar do tempo essa incorre\u00e7\u00e3o venha a se tornar<br \/>\numa verdade que nenhum dos dois Moacir merecem&#8221;. <\/em><\/p>\n<p><em>N\u00e3o fui e jamais gravei com este pseud\u00f4nimo, criado por Nilo S\u00e9rgio, dono da<\/em><em>\u00a0<\/em><em><br \/>\ngravadora Musidisc, \u00e0 \u00e9poca, para Moacyr Silva (Negro) e posteriormente para<\/em><em>\u00a0<\/em><em><br \/>\nZito Rig (branco), outro saxofonista. Como m\u00fasico profissional exerci a<\/em><em>\u00a0<\/em><em><br \/>\nfun\u00e7\u00e3o em diversas gravadoras (Copacabana Disco e Odeon, funcion\u00e1rio<\/em><em>\u00a0<\/em><em><br \/>\nefetivo) e r\u00e1dios ( Tupi, Nacional e outras). Fui integrante e fundador da<\/em><em>\u00a0<\/em><em><br \/>\nOrquestra da Rede Globo de Televis\u00e3o, enquanto existiu (23 ANOS).Tive meu<\/em><em>\u00a0<\/em><em><br \/>\npr\u00f3prio conjunto musical, com o qual gravei 6 LP&#8217;s, entre os anos 60 a 66.<\/em><em>\u00a0<\/em><em><br \/>\nIntegrei a Orquestra de Ary Barroso e do Maestro Copinha. Me apresentei com<\/em><em>\u00a0<\/em><em><br \/>\ngrandes artistas Internacionais.<\/em><em>\u00a0<\/em><em><br \/>\nEm meados de 1966, com a Orquestra do Maestro Copinha, me apresentei no baile<\/em><em>\u00a0<\/em><em><br \/>\nbeneficente da Cruz Vermelha Internacional oferecidos pelo Pr\u00edncipe de<\/em><em>\u00a0<\/em><em><br \/>\nM\u00f4naco em seu pal\u00e1cio; gravei com todos os grandes cantores da m\u00fasica<\/em><em>\u00a0<\/em><em><br \/>\npopular brasileira (ver ficha t\u00e9cnica nos LP\u00b4s &#8211; Simone, Gilberto Gil,<\/em><em>\u00a0<\/em><em><br \/>\nBethanea, Gal Costa, Elizete Cardoso, e muitos outros). E, ainda, sou<\/em><em>\u00a0<\/em><em><br \/>\nfuncion\u00e1rio p\u00fablico estatut\u00e1rio, aposentado na categoria de m\u00fasico &#8211;<\/em><em>\u00a0<\/em><em><br \/>\nclarinetista baixo &#8211; da Orquestra Sinf\u00f4nica Nacional do Minist\u00e9rio da<\/em><em>\u00a0<\/em><em><br \/>\nEduca\u00e7\u00e3o, lotada na Universidade Federal Fluminense. Apesar da semelhan\u00e7a<\/em><em>\u00a0<\/em><em><br \/>\ndos nomes, Moacyr Marques da Silva, ou melhor, Moacyr Marques, &#8220;BIJOU&#8221;, como<\/em><em>\u00a0<\/em><em><br \/>\nsou conhecido no meio musical, jamais poderia ser confundido com o grande e<\/em><em>\u00a0<\/em><em><br \/>\nrespeitado amigo Moacyr Silva, cuja a carreira abrilhantou a m\u00fasica<\/em><em>\u00a0<\/em><em><br \/>\nbrasileira. Para maiores esclarecimentos, entre em contato:<\/em><em>\u00a0<\/em><em><br \/>\nTels: 21-2447-1446 ou 21-2447-0139 hor\u00e1rio da manh\u00e3.<\/em><em>\u00a0<\/em><em><br \/>\nAproveito pra parabenizar o autor dos artigos sobre Moacyr Silva, e solicito<\/em><em>\u00a0<\/em><em><br \/>\nque desconsiderem as observa\u00e7\u00f5es do Sr. Reginaldo Gomes de Souza. Grato pela<\/em><em>\u00a0<\/em><em><br \/>\naten\u00e7\u00e3o.<\/em><em>\u00a0<\/em><em><br \/>\nMoacyr Marques &#8211; BIJOU.<\/em><em>\u00a0<\/em><em><\/em><\/p>\n<p>Sinceramente, eu j\u00e1 n\u00e3o estou entendendo mais nada sobre essa hist\u00f3ria. Por\u00e9m, como um dos muitos divulgadores do \u2018sax\u2019 criado por Nilo S\u00e9rgio, me vejo na obriga\u00e7\u00e3o de apresentar todos os fatos e vers\u00f5es. Qual \u00e9 a verdade? Ta\u00ed uma quest\u00e3o cheia de pol\u00eamica, que vale novamente vir \u00e0 tona. Vamos comentar?<\/p>\n<p align=\"center\">nosso amor<\/p>\n<p align=\"center\">fechei a porta<\/p>\n<p align=\"center\">\u00e9 luxo s\u00f3<\/p>\n<p align=\"center\">teleco-teco n\u00ba 2<\/p>\n<p align=\"center\">medita\u00e7\u00e3o<\/p>\n<p align=\"center\">cheiro de saudade<\/p>\n<p align=\"center\">a noite do meu bem<\/p>\n<p align=\"center\">fim de caso<\/p>\n<p align=\"center\">ideias erradas<\/p>\n<p align=\"center\">e da\u00ed?<\/p>\n<p align=\"center\">mundo mau<\/p>\n<p align=\"center\">ho-ba-la-la<\/p>\n<p align=\"center\">rio de janeiro (isto \u00e9 meu brasil)<\/p>\n<p align=\"center\">cidade maravilhosa<\/p>\n<p align=\"center\">dizem por a\u00ed<\/p>\n<p align=\"center\">o amor e a rosa<\/p>\n<p align=\"center\">se acaso voc\u00ea chegasse<\/p>\n<p align=\"center\">agora \u00e9 cinza<\/p>\n<p align=\"center\">chora tua tristeza<\/p>\n<p align=\"center\">ri<\/p>\n<p align=\"center\">carinho e amor<\/p>\n<p align=\"center\">menina mo\u00e7a<\/p>\n<p align=\"center\">o nosso olhar<\/p>\n<p align=\"center\">exemplo<\/p>\n","protected":false},"excerpt":{"rendered":"<p>Bom dia amigos cultos, ocultos e associados! Hoje eu estou trazendo um disco que eu considero nota 10. Um dos primeiros \u00e1lbuns do selo Musidisc, lan\u00e7ado em 1961 e apresentando o saxofonista criado por Nilo S\u00e9rgio, Bob Fleming. Quem acompanha &hellip; <a href=\"https:\/\/www.toque-musicall.com\/?p=2467\">Continue lendo <span class=\"meta-nav\">&rarr;<\/span><\/a><\/p>\n","protected":false},"author":1,"featured_media":0,"comment_status":"open","ping_status":"closed","sticky":false,"template":"","format":"standard","meta":{"footnotes":""},"categories":[1582,35],"tags":[],"class_list":["post-2467","post","type-post","status-publish","format-standard","hentry","category-bob-flemming","category-selo-musidisc"],"_links":{"self":[{"href":"https:\/\/www.toque-musicall.com\/index.php?rest_route=\/wp\/v2\/posts\/2467","targetHints":{"allow":["GET"]}}],"collection":[{"href":"https:\/\/www.toque-musicall.com\/index.php?rest_route=\/wp\/v2\/posts"}],"about":[{"href":"https:\/\/www.toque-musicall.com\/index.php?rest_route=\/wp\/v2\/types\/post"}],"author":[{"embeddable":true,"href":"https:\/\/www.toque-musicall.com\/index.php?rest_route=\/wp\/v2\/users\/1"}],"replies":[{"embeddable":true,"href":"https:\/\/www.toque-musicall.com\/index.php?rest_route=%2Fwp%2Fv2%2Fcomments&post=2467"}],"version-history":[{"count":3,"href":"https:\/\/www.toque-musicall.com\/index.php?rest_route=\/wp\/v2\/posts\/2467\/revisions"}],"predecessor-version":[{"id":2469,"href":"https:\/\/www.toque-musicall.com\/index.php?rest_route=\/wp\/v2\/posts\/2467\/revisions\/2469"}],"wp:attachment":[{"href":"https:\/\/www.toque-musicall.com\/index.php?rest_route=%2Fwp%2Fv2%2Fmedia&parent=2467"}],"wp:term":[{"taxonomy":"category","embeddable":true,"href":"https:\/\/www.toque-musicall.com\/index.php?rest_route=%2Fwp%2Fv2%2Fcategories&post=2467"},{"taxonomy":"post_tag","embeddable":true,"href":"https:\/\/www.toque-musicall.com\/index.php?rest_route=%2Fwp%2Fv2%2Ftags&post=2467"}],"curies":[{"name":"wp","href":"https:\/\/api.w.org\/{rel}","templated":true}]}}