{"id":2480,"date":"2012-09-25T10:45:47","date_gmt":"2012-09-25T10:45:47","guid":{"rendered":"http:\/\/www.toque-musicall.com\/?p=2480"},"modified":"2012-09-25T10:45:47","modified_gmt":"2012-09-25T10:45:47","slug":"waleska-canto-livre-1980","status":"publish","type":"post","link":"https:\/\/www.toque-musicall.com\/?p=2480","title":{"rendered":"Waleska &#8211; Canto Livre (1980)"},"content":{"rendered":"<p><img loading=\"lazy\" decoding=\"async\" class=\"aligncenter\" src=\"http:\/\/3.bp.blogspot.com\/-bOoCsrdeStY\/UGGFo_8S_iI\/AAAAAAAAD8Q\/ZctwhKRAq8k\/s400\/capap.JPG\" alt=\"\" width=\"400\" height=\"392\" \/><img loading=\"lazy\" decoding=\"async\" class=\"aligncenter\" src=\"http:\/\/2.bp.blogspot.com\/-7EuqPP5BQQA\/UGGFkpiomqI\/AAAAAAAAD8I\/ggMugFBvTEc\/s400\/contrap.JPG\" alt=\"\" width=\"400\" height=\"397\" \/><\/p>\n<p>Boa dia todos! Hoje temos em nossa companhia e mais uma vez, a cantora Waleska. Sei que ela tem muitos f\u00e3s por aqui, por isso, resolvi emplacar mais um em nosso Toque Musical. Ao contr\u00e1rio de outros discos de Waleska, \u201cCanto Livre\u201d \u00e9 um \u00e1lbum que me pareceu mais alegre e solto, tanto pela escolha do repert\u00f3rio como tamb\u00e9m do produtor, diretor musical e regente, que foi o Sivuca. Ali\u00e1s, ele tamb\u00e9m toca em v\u00e1rias faixas! E a Waleska, oras&#8230; como sempre, dando um show de interpreta\u00e7\u00e3o. Grande cantora! Confiram o toque&#8230;<\/p>\n<p align=\"center\">a festa<\/p>\n<p align=\"center\">o amor da justi\u00e7a<\/p>\n<p align=\"center\">a quem possa interessar<\/p>\n<p align=\"center\">choro livre<\/p>\n<p align=\"center\">meu bar<\/p>\n<p align=\"center\">capixaba do mato<\/p>\n<p align=\"center\">acorda Alice<\/p>\n<p align=\"center\">mulher de forno e fog\u00e3o<\/p>\n<p align=\"center\">b\u00eabados e bo\u00eamios<\/p>\n<p align=\"center\">choro cantado<\/p>\n<p align=\"center\">mesmas ilus\u00f5es<\/p>\n<p align=\"center\">alessandra<\/p>\n<p>&nbsp;<\/p>\n<p>&nbsp;<\/p>\n","protected":false},"excerpt":{"rendered":"<p>Boa dia todos! Hoje temos em nossa companhia e mais uma vez, a cantora Waleska. Sei que ela tem muitos f\u00e3s por aqui, por isso, resolvi emplacar mais um em nosso Toque Musical. Ao contr\u00e1rio de outros discos de Waleska, &hellip; <a href=\"https:\/\/www.toque-musicall.com\/?p=2480\">Continue lendo <span class=\"meta-nav\">&rarr;<\/span><\/a><\/p>\n","protected":false},"author":1,"featured_media":0,"comment_status":"open","ping_status":"closed","sticky":false,"template":"","format":"standard","meta":{"footnotes":""},"categories":[152,694],"tags":[],"class_list":["post-2480","post","type-post","status-publish","format-standard","hentry","category-selo-copacabana","category-waleska"],"_links":{"self":[{"href":"https:\/\/www.toque-musicall.com\/index.php?rest_route=\/wp\/v2\/posts\/2480","targetHints":{"allow":["GET"]}}],"collection":[{"href":"https:\/\/www.toque-musicall.com\/index.php?rest_route=\/wp\/v2\/posts"}],"about":[{"href":"https:\/\/www.toque-musicall.com\/index.php?rest_route=\/wp\/v2\/types\/post"}],"author":[{"embeddable":true,"href":"https:\/\/www.toque-musicall.com\/index.php?rest_route=\/wp\/v2\/users\/1"}],"replies":[{"embeddable":true,"href":"https:\/\/www.toque-musicall.com\/index.php?rest_route=%2Fwp%2Fv2%2Fcomments&post=2480"}],"version-history":[{"count":1,"href":"https:\/\/www.toque-musicall.com\/index.php?rest_route=\/wp\/v2\/posts\/2480\/revisions"}],"predecessor-version":[{"id":2481,"href":"https:\/\/www.toque-musicall.com\/index.php?rest_route=\/wp\/v2\/posts\/2480\/revisions\/2481"}],"wp:attachment":[{"href":"https:\/\/www.toque-musicall.com\/index.php?rest_route=%2Fwp%2Fv2%2Fmedia&parent=2480"}],"wp:term":[{"taxonomy":"category","embeddable":true,"href":"https:\/\/www.toque-musicall.com\/index.php?rest_route=%2Fwp%2Fv2%2Fcategories&post=2480"},{"taxonomy":"post_tag","embeddable":true,"href":"https:\/\/www.toque-musicall.com\/index.php?rest_route=%2Fwp%2Fv2%2Ftags&post=2480"}],"curies":[{"name":"wp","href":"https:\/\/api.w.org\/{rel}","templated":true}]}}